{"id":53112,"date":"2024-12-18T16:39:00","date_gmt":"2024-12-18T19:39:00","guid":{"rendered":"https:\/\/www.radiopresidenteibanez.cl\/web\/?p=53112"},"modified":"2024-12-18T10:08:39","modified_gmt":"2024-12-18T13:08:39","slug":"consejero-fueguino-llamo-a-parlamentarios-a-destrabar-la-reforma-previsional-en-favor-de-un-sistema-justo-y-solidario","status":"publish","type":"post","link":"https:\/\/www.radiopresidenteibanez.cl\/web\/consejero-fueguino-llamo-a-parlamentarios-a-destrabar-la-reforma-previsional-en-favor-de-un-sistema-justo-y-solidario\/","title":{"rendered":"Consejero fueguino llam\u00f3 a parlamentarios a destrabar la reforma previsional en favor de un sistema justo y solidario"},"content":{"rendered":"\n<p>El consejero regional por la Provincia de Tierra del Fuego y presidente regional del Partido Radical, Rodolfo C\u00e1rdenas, expres\u00f3 su preocupaci\u00f3n por la actual situaci\u00f3n del sistema de pensiones en Chile, reiterando la urgencia de una reforma que garantice justicia y solidaridad para los jubilados.<\/p>\n\n\n\n<p>C\u00e1rdenas subray\u00f3 la necesidad de implementar un \u201cnuevo sistema de pensiones que permita el aporte colaborativo y mayores reglas de control para la industria de las AFP\u201d, se\u00f1alando que el estancamiento en esta materia sigue afectando gravemente a los pensionados. Adem\u00e1s, hizo un llamado a revisar el c\u00e1lculo de pensiones ligado a la edad de jubilaci\u00f3n, proponiendo cambios inmediatos que permitan aliviar la situaci\u00f3n de miles de adultos mayores en el pa\u00eds.<\/p>\n\n\n\n<p>En sus declaraciones, el consejero emplaz\u00f3 a los parlamentarios a dejar de lado \u201clas amarras ideol\u00f3gicas\u201d y enfocarse en buscar acuerdos que permitan avanzar en una reforma previsional real. \u201cLos parlamentarios de Magallanes tienen una gran tarea de contribuir a un sistema justo y solidario que mejore efectivamente la calidad de vida de las personas\u201d, puntualiz\u00f3.<\/p>\n\n\n\n<p>Actualmente, Chile atraviesa un debate prolongado sobre la reforma al sistema de pensiones, donde las propuestas gubernamentales y de la oposici\u00f3n buscan equilibrar un modelo m\u00e1s solidario con el fortalecimiento del ahorro individual. Sin embargo, la falta de acuerdos ha retrasado una respuesta concreta frente a las demandas ciudadanas.!<\/p>\n","protected":false},"excerpt":{"rendered":"<p>El consejero regional por la Provincia de Tierra del Fuego y presidente regional del Partido Radical, Rodolfo C\u00e1rdenas, expres\u00f3 su preocupaci\u00f3n por la actual situaci\u00f3n del sistema de pensiones en&#8230; <a class=\"read-more\" href=\"https:\/\/www.radiopresidenteibanez.cl\/web\/consejero-fueguino-llamo-a-parlamentarios-a-destrabar-la-reforma-previsional-en-favor-de-un-sistema-justo-y-solidario\/\">Leer m\u00e1s<\/a><\/p>\n","protected":false},"author":2,"featured_media":53113,"comment_status":"closed","ping_status":"closed","sticky":false,"template":"","format":"standard","meta":{"footnotes":""},"categories":[1],"tags":[],"class_list":["post-53112","post","type-post","status-publish","format-standard","has-post-thumbnail","hentry","category-cronica"],"_links":{"self":[{"href":"https:\/\/www.radiopresidenteibanez.cl\/web\/wp-json\/wp\/v2\/posts\/53112","targetHints":{"allow":["GET"]}}],"collection":[{"href":"https:\/\/www.radiopresidenteibanez.cl\/web\/wp-json\/wp\/v2\/posts"}],"about":[{"href":"https:\/\/www.radiopresidenteibanez.cl\/web\/wp-json\/wp\/v2\/types\/post"}],"author":[{"embeddable":true,"href":"https:\/\/www.radiopresidenteibanez.cl\/web\/wp-json\/wp\/v2\/users\/2"}],"replies":[{"embeddable":true,"href":"https:\/\/www.radiopresidenteibanez.cl\/web\/wp-json\/wp\/v2\/comments?post=53112"}],"version-history":[{"count":0,"href":"https:\/\/www.radiopresidenteibanez.cl\/web\/wp-json\/wp\/v2\/posts\/53112\/revisions"}],"wp:featuredmedia":[{"embeddable":true,"href":"https:\/\/www.radiopresidenteibanez.cl\/web\/wp-json\/wp\/v2\/media\/53113"}],"wp:attachment":[{"href":"https:\/\/www.radiopresidenteibanez.cl\/web\/wp-json\/wp\/v2\/media?parent=53112"}],"wp:term":[{"taxonomy":"category","embeddable":true,"href":"https:\/\/www.radiopresidenteibanez.cl\/web\/wp-json\/wp\/v2\/categories?post=53112"},{"taxonomy":"post_tag","embeddable":true,"href":"https:\/\/www.radiopresidenteibanez.cl\/web\/wp-json\/wp\/v2\/tags?post=53112"}],"curies":[{"name":"wp","href":"https:\/\/api.w.org\/{rel}","templated":true}]}}