{"id":5311,"date":"2019-06-24T11:23:19","date_gmt":"2019-06-24T11:23:19","guid":{"rendered":"http:\/\/www.radiopresidenteibanez.cl\/web\/?p=5311"},"modified":"2019-06-24T11:23:34","modified_gmt":"2019-06-24T11:23:34","slug":"informe-de-contraloria-aun-quedan-ejecutivos-en-casa-matriz-responsables-de-varias-irregularidades-encontradas-en-el-informe","status":"publish","type":"post","link":"https:\/\/www.radiopresidenteibanez.cl\/web\/informe-de-contraloria-aun-quedan-ejecutivos-en-casa-matriz-responsables-de-varias-irregularidades-encontradas-en-el-informe\/","title":{"rendered":"INFORME DE CONTRALOR\u00cdA \u201cA\u00daN QUEDAN EJECUTIVOS EN CASA MATRIZ, RESPONSABLES DE VARIAS IRREGULARIDADES ENCONTRADAS EN EL INFORME\u201d"},"content":{"rendered":"\n<p>As\u00ed lo se\u00f1alo la directiva del Sindicato de Trabajadores Enap\nMagallanes a trav\u00e9s de su presidente Alejandro Avenda\u00f1o, esperamos que con este\ninforme que es lapidario la actual administraci\u00f3n a trav\u00e9s del Gerente General\nAndres Roccatagliata y la Presidente del Directorio Loreto Silva, as\u00ed como\nfueron capaces de despedir trabajadores&nbsp;\nque nunca estuvieron involucrados en irregularidades, saquen de una vez\na estos ejecutivos que si tienen responsabilidad y con ello causaron un gran\nda\u00f1o no solo a la imagen de Enap si no tambi\u00e9n da\u00f1aron el patrimonio de la\nempresa.<\/p>\n\n\n\n<p>Aqu\u00ed estamos hablando de costos millonarios por contrataciones y prestaciones\nde servicio que nunca se realizaron, el caso mencionado en dicho informe de\nEduardo Loyola por ejemplo quien recibi\u00f3 honorarios por 18 millones de pesos,\nsupuestamente fue contratado como asesor para la negociaci\u00f3n colectiva del a\u00f1o\n2015 de nuestro sindicato de Magallanes y nosotros como directiva nunca ni\nsiquiera lo conocimos por lo tanto efectivamente se le pago sin hacer nada.<\/p>\n\n\n\n<p>Pero esto no es todo, quienes aun quedan dentro de ENAP son\nresponsables y defendieron y justificaron por ejemplo el cambio de edificio,\ncambio de logo y contrato de Ecocopter en Magallanes.<\/p>\n\n\n\n<p><strong>Cambio de edificio:<\/strong><\/p>\n\n\n\n<p>En el caso del cambio de edificio el de Vitacura que era un contrato\nleasing le faltaba un par de meses para que pasara a ser parte de los activos\nde ENAP, vendieron esta opci\u00f3n de compra, por lo tanto no se alcanzo a ser\ndue\u00f1os de este activo, si no se opto por hacer un nuevo contrato de leasing por\n20 a\u00f1os con el nuevo edificio de Apoquindo 2929 cuyo costo de este traslado\nsupera los 8 millones de d\u00f3lares, en la pura implementaci\u00f3n de muebles &nbsp;tuvo un costo de 4 millones de d\u00f3lares y el\nresto en el acondicionamiento de las oficinas y las luminarias.<\/p>\n\n\n\n<p><strong>Cambio de logo:<\/strong><\/p>\n\n\n\n<p>Este cambio innecesario ni justificado le significo a Enap otros 5\nmillones de d\u00f3lares, solo el dise\u00f1o tuvo un costo de 450 mil d\u00f3lares y luego a\nla misma empresa que realizo el dise\u00f1o se le cancelo otros 450 mil d\u00f3lares por\nasesorar la implementaci\u00f3n del logo y luego la implementaci\u00f3n misma en todas\nlas filiales tendr\u00e1 un costo de 4,5 millones de d\u00f3lares.<\/p>\n\n\n\n<p><strong>Contrato Ecocopter:<\/strong><\/p>\n\n\n\n<p>En esta licitaci\u00f3n la empresa regional DAP que realizaba este trabajo\nya por 25 a\u00f1os presento la mejor oferta t\u00e9cnica y econ\u00f3mica por US$ 35 millones\nversus los US$ 42 millones de Ecocopter, con ello Enap Magallanes sugiere adjudicar\na DAP, a pesar de lo anterior Enap Santiago declara terminado el proceso, sin\nadjudicaci\u00f3n, posteriormente el directorio autoriza a la gerencia a negociar\ndirectamente y solo con Ecocopter, excluyendo por completo a DAP, en dicha\nnegociaci\u00f3n directa solo con Ecocopter hacen bajar de los 42 millones de\nd\u00f3lares iniciales y dejarlo en 34 millones de d\u00f3lares para que sea menor a la\npresentada y que se hab\u00eda ganado DAP, un contrato totalmente irregular llevado\nadelante por altos ejecutivos que todav\u00eda est\u00e1n en la empresa.&nbsp; &nbsp;<\/p>\n\n\n\n<p>Finalmente llamamos tanto al Gerente General y a la presidenta del Directorio a pronunciarse y proceder como corresponde ya que en la sesi\u00f3n especial de la c\u00e1mara de diputados nada respondieron, finalizo se\u00f1alando Avenda\u00f1o.<\/p>\n\n\n\n<figure class=\"wp-block-image\"><img loading=\"lazy\" decoding=\"async\" width=\"940\" height=\"704\" src=\"https:\/\/www.radiopresidenteibanez.cl\/web\/wp-content\/uploads\/2019\/06\/IMG_20190624_081757.jpg\" alt=\"\" class=\"wp-image-5312\" srcset=\"https:\/\/www.radiopresidenteibanez.cl\/web\/wp-content\/uploads\/2019\/06\/IMG_20190624_081757.jpg 940w, https:\/\/www.radiopresidenteibanez.cl\/web\/wp-content\/uploads\/2019\/06\/IMG_20190624_081757-300x225.jpg 300w, https:\/\/www.radiopresidenteibanez.cl\/web\/wp-content\/uploads\/2019\/06\/IMG_20190624_081757-768x575.jpg 768w\" sizes=\"auto, (max-width: 940px) 100vw, 940px\" \/><\/figure>\n","protected":false},"excerpt":{"rendered":"<p>As\u00ed lo se\u00f1alo la directiva del Sindicato de Trabajadores Enap Magallanes a trav\u00e9s de su presidente Alejandro Avenda\u00f1o, esperamos que con este informe que es lapidario la actual administraci\u00f3n a&#8230; <a class=\"read-more\" href=\"https:\/\/www.radiopresidenteibanez.cl\/web\/informe-de-contraloria-aun-quedan-ejecutivos-en-casa-matriz-responsables-de-varias-irregularidades-encontradas-en-el-informe\/\">Leer m\u00e1s<\/a><\/p>\n","protected":false},"author":2,"featured_media":5312,"comment_status":"closed","ping_status":"closed","sticky":false,"template":"","format":"standard","meta":{"footnotes":""},"categories":[1],"tags":[],"class_list":["post-5311","post","type-post","status-publish","format-standard","has-post-thumbnail","hentry","category-cronica"],"_links":{"self":[{"href":"https:\/\/www.radiopresidenteibanez.cl\/web\/wp-json\/wp\/v2\/posts\/5311","targetHints":{"allow":["GET"]}}],"collection":[{"href":"https:\/\/www.radiopresidenteibanez.cl\/web\/wp-json\/wp\/v2\/posts"}],"about":[{"href":"https:\/\/www.radiopresidenteibanez.cl\/web\/wp-json\/wp\/v2\/types\/post"}],"author":[{"embeddable":true,"href":"https:\/\/www.radiopresidenteibanez.cl\/web\/wp-json\/wp\/v2\/users\/2"}],"replies":[{"embeddable":true,"href":"https:\/\/www.radiopresidenteibanez.cl\/web\/wp-json\/wp\/v2\/comments?post=5311"}],"version-history":[{"count":0,"href":"https:\/\/www.radiopresidenteibanez.cl\/web\/wp-json\/wp\/v2\/posts\/5311\/revisions"}],"wp:featuredmedia":[{"embeddable":true,"href":"https:\/\/www.radiopresidenteibanez.cl\/web\/wp-json\/wp\/v2\/media\/5312"}],"wp:attachment":[{"href":"https:\/\/www.radiopresidenteibanez.cl\/web\/wp-json\/wp\/v2\/media?parent=5311"}],"wp:term":[{"taxonomy":"category","embeddable":true,"href":"https:\/\/www.radiopresidenteibanez.cl\/web\/wp-json\/wp\/v2\/categories?post=5311"},{"taxonomy":"post_tag","embeddable":true,"href":"https:\/\/www.radiopresidenteibanez.cl\/web\/wp-json\/wp\/v2\/tags?post=5311"}],"curies":[{"name":"wp","href":"https:\/\/api.w.org\/{rel}","templated":true}]}}