{"id":53105,"date":"2024-12-18T13:57:00","date_gmt":"2024-12-18T16:57:00","guid":{"rendered":"https:\/\/www.radiopresidenteibanez.cl\/web\/?p=53105"},"modified":"2024-12-18T09:43:39","modified_gmt":"2024-12-18T12:43:39","slug":"eleam-cristina-calderon-cuenta-con-nuevo-operador-para-garantizar-el-bienestar-de-personas-mayores-residentes","status":"publish","type":"post","link":"https:\/\/www.radiopresidenteibanez.cl\/web\/eleam-cristina-calderon-cuenta-con-nuevo-operador-para-garantizar-el-bienestar-de-personas-mayores-residentes\/","title":{"rendered":"ELEAM CRISTINA CALDER\u00d3N CUENTA CON NUEVO OPERADOR PARA GARANTIZAR EL BIENESTAR DE PERSONAS MAYORES RESIDENTES"},"content":{"rendered":"\n<p>A partir de las 8 de la ma\u00f1ana de este martes 17 de diciembre, el Servicio Nacional del Adulto Mayor (SENAMA) puso t\u00e9rmino anticipado al convenio con la Fundaci\u00f3n FIDE XII como operador del Establecimiento de Larga Estad\u00eda para Personas Mayores (ELEAM) Cristina Calder\u00f3n, e inici\u00f3 el proceso de administraci\u00f3n del dispositivo a trav\u00e9s de la Fundaci\u00f3n Derechos Mayores, asumiendo el desaf\u00edo de implementar est\u00e1ndares de calidad que resguarden la calidad de vida de las personas mayores residentes&nbsp;y de los equipos de cuidado que comienzan sus funciones.<\/p>\n\n\n\n<p>La Fundaci\u00f3n Derechos Mayores es una organizaci\u00f3n sin fines de lucro fundada en noviembre de 2018, dedicada a la promoci\u00f3n, defensa y garant\u00eda de los derechos humanos de las personas mayores en toda Iberoam\u00e9rica. Entre sus principales caracter\u00edsticas, cuentan con principios establecidos en la Convenci\u00f3n Interamericana sobre la Protecci\u00f3n de los Derechos Humanos de las Personas Mayores, que promueve la dignidad, la inclusi\u00f3n y la participaci\u00f3n activa de este colectivo&nbsp;en&nbsp;la&nbsp;sociedad.<\/p>\n\n\n\n<p>El t\u00e9rmino anticipado se genera tras reiterados incumplimientos por parte del operador en \u00e1mbitos financieros y, especialmente, en el d\u00e9ficit de cuidados y atenci\u00f3n que se exigen para garantizar el bienestar de las personas mayores que residen en ELEAM Cristina Calder\u00f3n, incluyendo reiterados retrasos en el pago de remuneraciones del personal y deudas en las cotizaciones de sus trabajadores.<\/p>\n\n\n\n<p>Luego de informar el t\u00e9rmino del convenio a FIDE XII el viernes pasado, SENAMA reforz\u00f3 el plan de acompa\u00f1amiento para el controlador del ELEAM, generando reuniones informativas para las y los trabajadores dependientes del ex operador; con los familiares y apoderados de las personas mayores residentes del ELEAM Cristina Calder\u00f3n&nbsp;y con los propios residentes, con el prop\u00f3sito de dar a conocer todos los aspectos relevantes en el nuevo proceso administrativo.<a><\/a><\/p>\n\n\n\n<p>Cabe recordar que el cambio de operador se produce luego de agotar las instancias para que FIDE XII mejorara las condiciones de la calidad de los cuidados otorgados y pudiera ponerse al d\u00eda en materia administrativa, lo que implic\u00f3 la transferencia de la totalidad de los recursos comprometidos en el convenio, incluidos los correspondientes al mes de diciembre de 2024, principalmente, para el pago de remuneraciones de sus trabajadores y la mantenci\u00f3n de los residentes.<\/p>\n\n\n\n<p>Sin embargo, el desorden administrativo continu\u00f3 en desmedro de las personas mayores y sus equipos de cuidado, por lo que las faltas en la atenci\u00f3n y los problemas administrativos, llevaron a que SENAMA pusiera fin al convenio con FIDE XII para salvaguardar la integridad de las personas mayores residentes del ELEAM.<\/p>\n\n\n\n<p>El coordinador regional del Servicio Nacional del Adulto Mayor, Nicol\u00e1s Soto, resalt\u00f3 que \u201ceste lunes nos reunimos con las familias de las personas mayores residentes del ELEAM, para informar sobre el proceso de cambio de operador, y recoger impresiones sobre los conflictos que gener\u00f3 el mal manejo administrativo de FIDE XII. Las historias de esas familias son muy conmovedoras, y la principal preocupaci\u00f3n de SENAMA radica en que las situaciones que afectaron a sus familiares producto del mal manejo econ\u00f3mico de la fundaci\u00f3n no se vuelvan a repetir\u201d.<\/p>\n\n\n\n<p>\u201cLa llegada del nuevo operador del ELEAM Cristina Calder\u00f3n marca un nuevo momento para los residentes y sus familias, donde buscamos superar la incertidumbre y la inestabilidad que los afect\u00f3 durante los \u00faltimos meses\u201d, agreg\u00f3 el coordinador.<\/p>\n\n\n\n<p>El nuevo operador integrar\u00e1 nuevos perfiles profesionales junto con entregar la posibilidad&nbsp;de trabajo a un grupo de funcionarios dependientes del ex operador FIDE XII, con el objeto de facilitar la continuidad de los procesos.<\/p>\n\n\n\n<p>Asimismo, SENAMA mantendr\u00e1 el plan de supervisi\u00f3n y acompa\u00f1amiento diario por parte de sus equipos t\u00e9cnicos, buscando garantizar la continuidad del servicio en el ELEAM Cristina Calder\u00f3n, disminuir la tensi\u00f3n producida por este cambio a los residentes, y que los est\u00e1ndares t\u00e9cnicos y humanos requeridos sean cumplidos en todo momento.<\/p>\n","protected":false},"excerpt":{"rendered":"<p>A partir de las 8 de la ma\u00f1ana de este martes 17 de diciembre, el Servicio Nacional del Adulto Mayor (SENAMA) puso t\u00e9rmino anticipado al convenio con la Fundaci\u00f3n FIDE&#8230; <a class=\"read-more\" href=\"https:\/\/www.radiopresidenteibanez.cl\/web\/eleam-cristina-calderon-cuenta-con-nuevo-operador-para-garantizar-el-bienestar-de-personas-mayores-residentes\/\">Leer m\u00e1s<\/a><\/p>\n","protected":false},"author":2,"featured_media":53106,"comment_status":"closed","ping_status":"closed","sticky":false,"template":"","format":"standard","meta":{"footnotes":""},"categories":[1],"tags":[],"class_list":["post-53105","post","type-post","status-publish","format-standard","has-post-thumbnail","hentry","category-cronica"],"_links":{"self":[{"href":"https:\/\/www.radiopresidenteibanez.cl\/web\/wp-json\/wp\/v2\/posts\/53105","targetHints":{"allow":["GET"]}}],"collection":[{"href":"https:\/\/www.radiopresidenteibanez.cl\/web\/wp-json\/wp\/v2\/posts"}],"about":[{"href":"https:\/\/www.radiopresidenteibanez.cl\/web\/wp-json\/wp\/v2\/types\/post"}],"author":[{"embeddable":true,"href":"https:\/\/www.radiopresidenteibanez.cl\/web\/wp-json\/wp\/v2\/users\/2"}],"replies":[{"embeddable":true,"href":"https:\/\/www.radiopresidenteibanez.cl\/web\/wp-json\/wp\/v2\/comments?post=53105"}],"version-history":[{"count":0,"href":"https:\/\/www.radiopresidenteibanez.cl\/web\/wp-json\/wp\/v2\/posts\/53105\/revisions"}],"wp:featuredmedia":[{"embeddable":true,"href":"https:\/\/www.radiopresidenteibanez.cl\/web\/wp-json\/wp\/v2\/media\/53106"}],"wp:attachment":[{"href":"https:\/\/www.radiopresidenteibanez.cl\/web\/wp-json\/wp\/v2\/media?parent=53105"}],"wp:term":[{"taxonomy":"category","embeddable":true,"href":"https:\/\/www.radiopresidenteibanez.cl\/web\/wp-json\/wp\/v2\/categories?post=53105"},{"taxonomy":"post_tag","embeddable":true,"href":"https:\/\/www.radiopresidenteibanez.cl\/web\/wp-json\/wp\/v2\/tags?post=53105"}],"curies":[{"name":"wp","href":"https:\/\/api.w.org\/{rel}","templated":true}]}}