{"id":53102,"date":"2024-12-18T12:39:00","date_gmt":"2024-12-18T15:39:00","guid":{"rendered":"https:\/\/www.radiopresidenteibanez.cl\/web\/?p=53102"},"modified":"2024-12-18T09:37:38","modified_gmt":"2024-12-18T12:37:38","slug":"comite-de-erradicacion-del-trabajo-infantil-tuvo-su-ultima-sesion-del-ano","status":"publish","type":"post","link":"https:\/\/www.radiopresidenteibanez.cl\/web\/comite-de-erradicacion-del-trabajo-infantil-tuvo-su-ultima-sesion-del-ano\/","title":{"rendered":"Comit\u00e9 de erradicaci\u00f3n del Trabajo Infantil tuvo su \u00faltima sesion del a\u00f1o"},"content":{"rendered":"\n<p>Cerrando las actividades de este 2024, el Comit\u00e9 Regional para la Erradicaci\u00f3n del Trabajo Infantil, CRETI, se dio cita esta semana en su \u00faltima sesi\u00f3n del a\u00f1o, instancia en la que a trav\u00e9s de din\u00e1micas y trabajo grupal se abordaron casos hipot\u00e9ticos y reales de posible vulneraci\u00f3n de derechos por trabajo infantil en la zona.<br>Encabezado por la Seremi del Trabajo de Magallanes, Doris Sandoval Miranda; y el punto focal del<br>CRETI Magallanes, Andrea Urquieta Maraboli, al inicio de la sesi\u00f3n se llev\u00f3 a cabo una din\u00e1mica<br>por grupos, para luego entrar de lleno al abordaje de diferentes situaciones.<br>En palabras de la autoridad laboral: \u201cEstamos concluyendo las acciones del a\u00f1o 2024 con nuestro<br>CRETI, un a\u00f1o en el que hemos coordinado de manera colaborativa con las instituciones que<br>corresponde -tales como Carabineros, PDI, Servicio de Migraci\u00f3n, Servicio de Protecci\u00f3n, entre<br>otros- los protocolos de actuaci\u00f3n ante la detecci\u00f3n y\/o denuncia de eventuales casos de<br>vulneraci\u00f3n por trabajo infantil o trabajo adolescente que est\u00e9 en incumplimiento de la normativa<br>vigente\u201d.<br>\u201cPara nosotros, como Gobierno y como cartera del Trabajo en la regi\u00f3n, era esencial el poder<br>coordinar de forma clara y concreta las acciones que se deben efectuar ante la detecci\u00f3n de alg\u00fan<br>hecho que pudiese configurase como trabajo infantil, lo cual se suma a la fuerte labor preventiva<br>que hemos realizado durante el per\u00edodo y que continuaremos el pr\u00f3ximo a\u00f1o\u201d, a\u00f1adi\u00f3 la Seremi.<br>Durante esta cuarta y \u00faltima sesi\u00f3n anual, participaron instituciones como la Seremi de Educaci\u00f3n,<br>el Servicio Nacional de Migraciones, el Servicio de Reinserci\u00f3n Social Juvenil, el Departamento de<br>Derechos Humanos de Carabineros de Punta Arenas, la Polic\u00eda de Investigaciones (PDI), el Servicio<br>Nacional de Protecci\u00f3n Especializada a la Ni\u00f1ez y Adolescencia, el Instituto de Seguridad Laboral<br>(ISL), Sence, el Instituto Nacional del Deporte (IND) y la Direcci\u00f3n regional del Trabajo.<br>\u201cEstos encuentros son un espacio muy bonito de coordinaci\u00f3n, donde todos vienen con las ganas y<br>el entusiasmo de trabajar y de establecer ideas y planes para prevenir y abordar el trabajo infantil<br>en la regi\u00f3n. Por eso es tan importante poder reunirnos cada cierto tiempo y, a partir de estas<br>reuniones, avanzar en la erradicaci\u00f3n del trabajo infantil en nuestra zona\u201d, destac\u00f3 Urquieta.<br>Posterior a esta sesi\u00f3n, se desarroll\u00f3 tambi\u00e9n la \u00faltima reuni\u00f3n online con el Comit\u00e9 de<br>Integraci\u00f3n Austral -con la contraparte Argentina perteneciente a la subcomisi\u00f3n Trabajo- con<br>quienes se han establecido alianzas para avanzar en la eliminaci\u00f3n del trabajo infantil, tanto en<\/p>\n\n\n\n<p>Chile como en las provincias del Sur de Argentina, compartiendo protocolos y acciones que se<br>realizan al otro lado de la frontera y que han servido de apoyo y de ejemplo para el avance local.<\/p>\n","protected":false},"excerpt":{"rendered":"<p>Cerrando las actividades de este 2024, el Comit\u00e9 Regional para la Erradicaci\u00f3n del Trabajo Infantil, CRETI, se dio cita esta semana en su \u00faltima sesi\u00f3n del a\u00f1o, instancia en la&#8230; <a class=\"read-more\" href=\"https:\/\/www.radiopresidenteibanez.cl\/web\/comite-de-erradicacion-del-trabajo-infantil-tuvo-su-ultima-sesion-del-ano\/\">Leer m\u00e1s<\/a><\/p>\n","protected":false},"author":2,"featured_media":53103,"comment_status":"closed","ping_status":"closed","sticky":false,"template":"","format":"standard","meta":{"footnotes":""},"categories":[1],"tags":[],"class_list":["post-53102","post","type-post","status-publish","format-standard","has-post-thumbnail","hentry","category-cronica"],"_links":{"self":[{"href":"https:\/\/www.radiopresidenteibanez.cl\/web\/wp-json\/wp\/v2\/posts\/53102","targetHints":{"allow":["GET"]}}],"collection":[{"href":"https:\/\/www.radiopresidenteibanez.cl\/web\/wp-json\/wp\/v2\/posts"}],"about":[{"href":"https:\/\/www.radiopresidenteibanez.cl\/web\/wp-json\/wp\/v2\/types\/post"}],"author":[{"embeddable":true,"href":"https:\/\/www.radiopresidenteibanez.cl\/web\/wp-json\/wp\/v2\/users\/2"}],"replies":[{"embeddable":true,"href":"https:\/\/www.radiopresidenteibanez.cl\/web\/wp-json\/wp\/v2\/comments?post=53102"}],"version-history":[{"count":0,"href":"https:\/\/www.radiopresidenteibanez.cl\/web\/wp-json\/wp\/v2\/posts\/53102\/revisions"}],"wp:featuredmedia":[{"embeddable":true,"href":"https:\/\/www.radiopresidenteibanez.cl\/web\/wp-json\/wp\/v2\/media\/53103"}],"wp:attachment":[{"href":"https:\/\/www.radiopresidenteibanez.cl\/web\/wp-json\/wp\/v2\/media?parent=53102"}],"wp:term":[{"taxonomy":"category","embeddable":true,"href":"https:\/\/www.radiopresidenteibanez.cl\/web\/wp-json\/wp\/v2\/categories?post=53102"},{"taxonomy":"post_tag","embeddable":true,"href":"https:\/\/www.radiopresidenteibanez.cl\/web\/wp-json\/wp\/v2\/tags?post=53102"}],"curies":[{"name":"wp","href":"https:\/\/api.w.org\/{rel}","templated":true}]}}