{"id":5308,"date":"2019-06-24T11:16:28","date_gmt":"2019-06-24T11:16:28","guid":{"rendered":"http:\/\/www.radiopresidenteibanez.cl\/web\/?p=5308"},"modified":"2019-06-24T11:17:24","modified_gmt":"2019-06-24T11:17:24","slug":"minvu-comenzo-con-los-trabajos-de-pavimentacion-en-el-terraplen-de-calle-manantiales","status":"publish","type":"post","link":"https:\/\/www.radiopresidenteibanez.cl\/web\/minvu-comenzo-con-los-trabajos-de-pavimentacion-en-el-terraplen-de-calle-manantiales\/","title":{"rendered":"MINVU COMENZ\u00d3 CON LOS TRABAJOS DE PAVIMENTACI\u00d3N EN EL TERRAPL\u00c9N DE CALLE MANANTIALES"},"content":{"rendered":"\n<p>Durante la tarde de este domingo,\nel seremi de Vivienda y Urbanismo, Jos\u00e9 Miguel Horcos, el alcalde de Punta\nArenas, Claudio Radonich y el director del Serviu, Dubalio P\u00e9rez, dieron el\ninicio a las obras de la tan esperada pavimentaci\u00f3n de calle Manantiales, entre\nLos Acacios y Padre Alberto D\u2019Agostini.<\/p>\n\n\n\n<p>Son $788 millones de pesos que el\nMinisterio de Vivienda y Urbanismo invirti\u00f3 para este tramo. Cabe resaltar, que\nlas etapas previas se construyeron en 2013, con 1650 m2 de calzada entre Los\nAcacios y fin del pavimento y Padre D\u2019Agostini y Antonio Maichil; en 2015 se\nejecut\u00f3 la etapa 2 con 2174 m2 de calzada entre Los Acacios y Avenida Frei; y\nen 2016 se construy\u00f3 la etapa 3, correspondiente a plaza con juegos infantiles\ny m\u00e1quinas de ejercicios y ciclov\u00edas, entre Padre D\u00b4Agostini y Antonio Maichil.<\/p>\n\n\n\n<p>Igualmente, la obra considera la\nconstrucci\u00f3n de muros de contenci\u00f3n, aceras, ciclov\u00edas, obras de aguas lluvias,\niluminaci\u00f3n y demarcaci\u00f3n vial. \u201cLa pavimentaci\u00f3n de Manantiales era una\nnecesidad de la gente que vive en este sector. Adem\u00e1s, es un tramo que permite\nconectar la calle entre Avenida Espa\u00f1a y Avenida Frei. Se van pavimentar las\ndos v\u00edas y se van a conectar las ciclov\u00edas\u201d, destac\u00f3 el seremi Jos\u00e9 Miguel\nHorcos.<\/p>\n\n\n\n<p>La obra de calle Manantiales, es\nla continuaci\u00f3n de la construcci\u00f3n de esta avenida, ubicada al oriente de\nAvenida Frei y que conecta la ciudad de cerro a playa. Para el director\nregional del Serviu, Dubalio P\u00e9rez, este proyecto es de suma relevancia y\nadem\u00e1s anunci\u00f3 que \u201cla obra no solo incorpora el pavimento, sino que tambi\u00e9n la\nciclov\u00eda y se une con un sector que por ejemplo hay colegios. Lo importante y\nnuestra intenci\u00f3n es que podamos tenerla antes del inicio de clases del pr\u00f3ximo\na\u00f1o\u201d.<\/p>\n\n\n\n<p>Cabe resaltar, que desde el 01 de\njulio se realizar\u00e1 el corte total del tramo que se intervendr\u00e1 y los\nautomovilistas no podr\u00e1n circular por ese sector de calle Manantiales. Es por\nesto, que tendr\u00e1n que usar las calles aleda\u00f1as y los desv\u00edos estar\u00e1n\ndebidamente se\u00f1alizados. <\/p>\n\n\n\n<p>Para el alcalde de Punta Arenas, Claudio Radonich, la intervenci\u00f3n es de suma importancia, ya que a su juicio \u201ceste era un lunar negro en nuestra ciudad, hay barro durante el invierno, hay polvo que molesta constantemente y estoy muy contento. Con esto estamos mejorando el est\u00e1ndar urbano de Punta Arenas y quiero reconocer este trabajo del Minvu con obra concreta en el sector\u201d.<\/p>\n\n\n\n<figure class=\"wp-block-image\"><img loading=\"lazy\" decoding=\"async\" width=\"900\" height=\"675\" src=\"https:\/\/www.radiopresidenteibanez.cl\/web\/wp-content\/uploads\/2019\/06\/20190623_160657.jpg\" alt=\"\" class=\"wp-image-5309\" srcset=\"https:\/\/www.radiopresidenteibanez.cl\/web\/wp-content\/uploads\/2019\/06\/20190623_160657.jpg 900w, https:\/\/www.radiopresidenteibanez.cl\/web\/wp-content\/uploads\/2019\/06\/20190623_160657-300x225.jpg 300w, https:\/\/www.radiopresidenteibanez.cl\/web\/wp-content\/uploads\/2019\/06\/20190623_160657-768x576.jpg 768w\" sizes=\"auto, (max-width: 900px) 100vw, 900px\" \/><\/figure>\n","protected":false},"excerpt":{"rendered":"<p>Durante la tarde de este domingo, el seremi de Vivienda y Urbanismo, Jos\u00e9 Miguel Horcos, el alcalde de Punta Arenas, Claudio Radonich y el director del Serviu, Dubalio P\u00e9rez, dieron&#8230; <a class=\"read-more\" href=\"https:\/\/www.radiopresidenteibanez.cl\/web\/minvu-comenzo-con-los-trabajos-de-pavimentacion-en-el-terraplen-de-calle-manantiales\/\">Leer m\u00e1s<\/a><\/p>\n","protected":false},"author":2,"featured_media":5309,"comment_status":"closed","ping_status":"closed","sticky":false,"template":"","format":"standard","meta":{"footnotes":""},"categories":[1],"tags":[],"class_list":["post-5308","post","type-post","status-publish","format-standard","has-post-thumbnail","hentry","category-cronica"],"_links":{"self":[{"href":"https:\/\/www.radiopresidenteibanez.cl\/web\/wp-json\/wp\/v2\/posts\/5308","targetHints":{"allow":["GET"]}}],"collection":[{"href":"https:\/\/www.radiopresidenteibanez.cl\/web\/wp-json\/wp\/v2\/posts"}],"about":[{"href":"https:\/\/www.radiopresidenteibanez.cl\/web\/wp-json\/wp\/v2\/types\/post"}],"author":[{"embeddable":true,"href":"https:\/\/www.radiopresidenteibanez.cl\/web\/wp-json\/wp\/v2\/users\/2"}],"replies":[{"embeddable":true,"href":"https:\/\/www.radiopresidenteibanez.cl\/web\/wp-json\/wp\/v2\/comments?post=5308"}],"version-history":[{"count":0,"href":"https:\/\/www.radiopresidenteibanez.cl\/web\/wp-json\/wp\/v2\/posts\/5308\/revisions"}],"wp:featuredmedia":[{"embeddable":true,"href":"https:\/\/www.radiopresidenteibanez.cl\/web\/wp-json\/wp\/v2\/media\/5309"}],"wp:attachment":[{"href":"https:\/\/www.radiopresidenteibanez.cl\/web\/wp-json\/wp\/v2\/media?parent=5308"}],"wp:term":[{"taxonomy":"category","embeddable":true,"href":"https:\/\/www.radiopresidenteibanez.cl\/web\/wp-json\/wp\/v2\/categories?post=5308"},{"taxonomy":"post_tag","embeddable":true,"href":"https:\/\/www.radiopresidenteibanez.cl\/web\/wp-json\/wp\/v2\/tags?post=5308"}],"curies":[{"name":"wp","href":"https:\/\/api.w.org\/{rel}","templated":true}]}}