{"id":53057,"date":"2024-12-17T08:01:19","date_gmt":"2024-12-17T11:01:19","guid":{"rendered":"https:\/\/www.radiopresidenteibanez.cl\/web\/?p=53057"},"modified":"2024-12-17T08:01:24","modified_gmt":"2024-12-17T11:01:24","slug":"importantes-proyectos-aprobados-fortaleceran-el-trabajo-de-bomberos-en-punta-arenas","status":"publish","type":"post","link":"https:\/\/www.radiopresidenteibanez.cl\/web\/importantes-proyectos-aprobados-fortaleceran-el-trabajo-de-bomberos-en-punta-arenas\/","title":{"rendered":"Importantes proyectos aprobados fortalecer\u00e1n el trabajo de Bomberos en Punta Arenas"},"content":{"rendered":"\n<p>En el pleno de esta tarde se llev\u00f3 a cabo la investidura de Manuel \u00d3scar Gallardo O. como nuevo Consejero Regional por la Provincia de Magallanes. Su nombramiento responde a la renuncia del ex-consejero Alejandro Riquelme D, seg\u00fan lo dispuesto en la sentencia ejecutoriada por el Tribunal Electoral Regional de Magallanes. El nuevo integrante del Cuerpo Colegiado asume oficialmente su rol como miembro titular del VIII\u00ba Consejo Regional, cuya labor concluir\u00e1 el pr\u00f3ximo 6 de<br>enero de 2025.<br>Iniciativas<br>Dos importantes iniciativas fueron sancionados por los Consejeros, proyectos clave que<br>permitir\u00e1n mejorar la infraestructura y equipamiento del Cuerpo de Bomberos de Punta<br>Arenas: la reposi\u00f3n del cuartel de la Segunda Compa\u00f1\u00eda, Bomba Chile, y la<br>renovaci\u00f3n del carro de rescate pesado para la Primera Compa\u00f1\u00eda, Bomba<br>Magallanes.<br>La Segunda Compa\u00f1\u00eda podr\u00e1 finalmente trasladarse al sector surponiente de la ciudad,<br>una zona de constante crecimiento urbano y poblacional. Al respecto, la consejera<br>Roxana Gallardo destac\u00f3: \u201cEra un proyecto muy anhelado por la comunidad. Tener una<br>compa\u00f1\u00eda de bomberos en el sector brinda tranquilidad y fortalece el sentido de barrio,<br>adem\u00e1s de fomentar que m\u00e1s j\u00f3venes se sumen como voluntarios.\u201d<br>Por su parte, el director de la Segunda Compa\u00f1\u00eda, Luis Pe\u00f1a, celebr\u00f3 la noticia: \u201cNos<br>cost\u00f3 14 a\u00f1os tener una casa. Esto significa una nueva etapa y una nueva vida para<br>nuestros Bomberos y la comunidad.\u201d<br>El segundo proyecto aprobado corresponde a la reposici\u00f3n del carro de rescate pesado<br>de la Primera Compa\u00f1\u00eda, un veh\u00edculo con 23 a\u00f1os de servicio que super\u00f3 su vida \u00fatil. El<br>carro especializado permitir\u00e1 una mejor respuesta a emergencias de gran magnitud en<br>toda la regi\u00f3n. El director de la Primera Compa\u00f1\u00eda, \u00c1ngel Iglesias, agradeci\u00f3 el respaldo<br>del CORE y se\u00f1al\u00f3: \u201cEste veh\u00edculo tendr\u00e1 caracter\u00edsticas que nos permitir\u00e1n actuar con<br>eficiencia y aportar en emergencias mayores en cualquier punto de la regi\u00f3n.\u201d<br>Finalmente, el consejero Pablo Cifuentes valor\u00f3 ambas iniciativas como un avance clave:<br>\u201cLa reposici\u00f3n del cuartel y del carro de rescate vienen a resolver necesidades urgentes y<br>a descentralizar los servicios de bomberos, respondiendo al crecimiento de la ciudad y de<br>la regi\u00f3n.\u201d<\/p>\n","protected":false},"excerpt":{"rendered":"<p>En el pleno de esta tarde se llev\u00f3 a cabo la investidura de Manuel \u00d3scar Gallardo O. como nuevo Consejero Regional por la Provincia de Magallanes. Su nombramiento responde a&#8230; <a class=\"read-more\" href=\"https:\/\/www.radiopresidenteibanez.cl\/web\/importantes-proyectos-aprobados-fortaleceran-el-trabajo-de-bomberos-en-punta-arenas\/\">Leer m\u00e1s<\/a><\/p>\n","protected":false},"author":2,"featured_media":53058,"comment_status":"closed","ping_status":"closed","sticky":false,"template":"","format":"standard","meta":{"footnotes":""},"categories":[1],"tags":[],"class_list":["post-53057","post","type-post","status-publish","format-standard","has-post-thumbnail","hentry","category-cronica"],"_links":{"self":[{"href":"https:\/\/www.radiopresidenteibanez.cl\/web\/wp-json\/wp\/v2\/posts\/53057","targetHints":{"allow":["GET"]}}],"collection":[{"href":"https:\/\/www.radiopresidenteibanez.cl\/web\/wp-json\/wp\/v2\/posts"}],"about":[{"href":"https:\/\/www.radiopresidenteibanez.cl\/web\/wp-json\/wp\/v2\/types\/post"}],"author":[{"embeddable":true,"href":"https:\/\/www.radiopresidenteibanez.cl\/web\/wp-json\/wp\/v2\/users\/2"}],"replies":[{"embeddable":true,"href":"https:\/\/www.radiopresidenteibanez.cl\/web\/wp-json\/wp\/v2\/comments?post=53057"}],"version-history":[{"count":0,"href":"https:\/\/www.radiopresidenteibanez.cl\/web\/wp-json\/wp\/v2\/posts\/53057\/revisions"}],"wp:featuredmedia":[{"embeddable":true,"href":"https:\/\/www.radiopresidenteibanez.cl\/web\/wp-json\/wp\/v2\/media\/53058"}],"wp:attachment":[{"href":"https:\/\/www.radiopresidenteibanez.cl\/web\/wp-json\/wp\/v2\/media?parent=53057"}],"wp:term":[{"taxonomy":"category","embeddable":true,"href":"https:\/\/www.radiopresidenteibanez.cl\/web\/wp-json\/wp\/v2\/categories?post=53057"},{"taxonomy":"post_tag","embeddable":true,"href":"https:\/\/www.radiopresidenteibanez.cl\/web\/wp-json\/wp\/v2\/tags?post=53057"}],"curies":[{"name":"wp","href":"https:\/\/api.w.org\/{rel}","templated":true}]}}