{"id":5305,"date":"2019-06-24T11:09:47","date_gmt":"2019-06-24T11:09:47","guid":{"rendered":"http:\/\/www.radiopresidenteibanez.cl\/web\/?p=5305"},"modified":"2019-06-24T11:10:35","modified_gmt":"2019-06-24T11:10:35","slug":"salvemos-el-eleam-por-ernesto-sepulveda","status":"publish","type":"post","link":"https:\/\/www.radiopresidenteibanez.cl\/web\/salvemos-el-eleam-por-ernesto-sepulveda\/","title":{"rendered":"SALVEMOS EL ELEAM POR ERNESTO SEPULVEDA"},"content":{"rendered":"\n<p>Amigos y amigas, el comentario de hoy, iba a estar dedicado a la movilizaci\u00f3n de los trabajadores del sector salmonero y de Mina Invierno. Ese tema de la mayor importancia, esta vez lo dejaremos para la pr\u00f3xima semana.<\/p>\n\n\n\n<p>La raz\u00f3n del cambio, es la amenaza que se cierne sobre nuestros adultos mayores, nuestros abuelos y abuelas que residen&nbsp;&nbsp;en el denominado \u201cCentro de larga estad\u00eda\u201d, o tambi\u00e9n conocido como el ELEAM. Parece un invento, una noticia falsa, lamentablemente es cierto. La autoridad regional est\u00e1 proponiendo, ni as ni menos que la privatizaci\u00f3n del centro.<\/p>\n\n\n\n<p>En una pesadilla neoliberal, se pretende extraer ganancia, del cuidado de personas mayores, con importante grado de deterioro.&nbsp;<\/p>\n\n\n\n<p>Se desconoce, y se pasa a llevar el trabajo abnegado y acucioso del equipo liderado por el geriatra, doctor Lobos. Hay que decirlo con claridad, el&nbsp;&nbsp;Eleam de Punta Arenas, es el \u00fanico de los 14 centros creados en el pa\u00eds, que ha tenido \u00e9xitos de gesti\u00f3n, destacando una atenci\u00f3n de calidad, con escasos recursos y una infraestructura deficiente.<\/p>\n\n\n\n<p>En estas horas en diversos puntos de la ciudad, se recolectan firmas de adhesi\u00f3n a Centro de larga estad\u00eda del adulto mayor. Seguramente, que mas de alguno de ustedes, mis amigos, ha visitado el Eleam, y&nbsp;&nbsp;ha podido comprobar directamente la atenci\u00f3n de c\u00e1lida y profesional que se brinda a los residentes.<\/p>\n\n\n\n<p>Una amiga me dec\u00eda hoy, al solicitar mi firma de adhesi\u00f3n, \u201cTodos vamos para all\u00e1\u201d. Esa es una verdad mas grande que una catedral. Si no tenemos padres o abuelos, adultos mayores, de edad avanzada y con deterioro, nada quita que seamos nosotros mismos, quienes solicitemos nuestro ingreso al Eleam.<\/p>\n\n\n\n<p>Mantener este servicio a los adultos mayores de Magallanes, otorgado por un organismo p\u00fablico, dependiente del servicio de salud de Magallanes, es un deber para todos nosotros. Debemos demostrar una vez m\u00e1s que las decisiones erradas, centralistas, o que no buscan el bien de la regi\u00f3n,&nbsp; no tienen cabida en Magallanes.<\/p>\n\n\n\n<p>Que el mismo coraje, que nos ha caracterizado para defender, nuestros empleos, nuestro gas y nuestro modo de vida, ahora nos inspire y defendamos sin tregua nuestro Eleam, nuestro centro de larga estad\u00eda para adultos mayores.<\/p>\n\n\n\n<p>Las personas que residen all\u00ed, ya no marchan, ya no votan. Pero conservan \u00edntegra su dignidad como personas, que fueron trabajadores y trabajadoras, fueron padres y madres amorosos y protectores. Fueron ciudadanos responsables, y vecinos solidarios. Ellos y ellas merecen no solo nuestro respeto, sino nuestro agradecimiento por lo mucho que nos dieron a lo largo de su vida.<\/p>\n\n\n\n<p>Decenas de funcionarios y funcionarias, atienden con esmero, cada d\u00eda a los pacientes, es un trato afable y digno. No se mira all\u00ed a los abuelos, como un n\u00famero de carn\u00e9, o un cliente m\u00e1s por atender.<\/p>\n\n\n\n<p>El ELEAM de Magallanes, ha sido&nbsp;&nbsp;reconocido por sus logros de gesti\u00f3n, en los 7 a\u00f1os de su funcionamiento. Es el \u00fanico de los 14 ELEAM, que han operado a lo largo del pa\u00eds, que ha implementado con \u00e9xito el modelo de atenci\u00f3n. Pese a que desde el inicio tuvieron que superar graves deficiencias en la infraestructura y equipamiento. Este notable trabajo, no ha sido s\u00f3lo buena administraci\u00f3n y profesionalismo. Aqu\u00ed hay&nbsp;&nbsp;tes\u00f3n, esp\u00edritu de servicio, y un profundo amor por nuestros adultos mayores.<\/p>\n\n\n\n<p>Pidamos a nuestros parlamentarios, que recojan el clamor de nuestros adultos mayores, estos son los temas que interesan a los magallanicos.<\/p>\n\n\n\n<p>A las autoridades del gobierno regional, demuestren su liderazgo y detengan una decisi\u00f3n err\u00f3nea, que s\u00f3lo provocar\u00e1 da\u00f1o a la atenci\u00f3n que hoy reciben los adultos mayores.<\/p>\n\n\n\n<p>Este es uno de los temas&nbsp;&nbsp;que a todos nos convocan. Existen muchos otros, pero hoy es la hora de nuestros adultos mayores, residentes y de atenci\u00f3n ambulatoria del ELEAM de Punta Arenas. Ahora es por ellos.<\/p>\n\n\n\n<p>Toda la regi\u00f3n exige detener la virtual&nbsp;privatizaci\u00f3n del ELEAM.<\/p>\n\n\n\n<p>Soy Ernesto Sep\u00falveda, y yo respaldo que el ELEAM permanezca en el sistema p\u00fablico.<\/p>\n\n\n\n<figure class=\"wp-block-image\"><img loading=\"lazy\" decoding=\"async\" width=\"1024\" height=\"768\" src=\"http:\/\/www.radiopresidenteibanez.cl\/web\/wp-content\/uploads\/2019\/03\/IMG-20190310-WA0014-1024x768.jpg\" alt=\"\" class=\"wp-image-2310\" srcset=\"https:\/\/www.radiopresidenteibanez.cl\/web\/wp-content\/uploads\/2019\/03\/IMG-20190310-WA0014.jpg 1024w, https:\/\/www.radiopresidenteibanez.cl\/web\/wp-content\/uploads\/2019\/03\/IMG-20190310-WA0014-300x225.jpg 300w, https:\/\/www.radiopresidenteibanez.cl\/web\/wp-content\/uploads\/2019\/03\/IMG-20190310-WA0014-768x576.jpg 768w\" sizes=\"auto, (max-width: 1024px) 100vw, 1024px\" \/><\/figure>\n","protected":false},"excerpt":{"rendered":"<p>Amigos y amigas, el comentario de hoy, iba a estar dedicado a la movilizaci\u00f3n de los trabajadores del sector salmonero y de Mina Invierno. Ese tema de la mayor importancia,&#8230; <a class=\"read-more\" href=\"https:\/\/www.radiopresidenteibanez.cl\/web\/salvemos-el-eleam-por-ernesto-sepulveda\/\">Leer m\u00e1s<\/a><\/p>\n","protected":false},"author":2,"featured_media":2310,"comment_status":"closed","ping_status":"closed","sticky":false,"template":"","format":"standard","meta":{"footnotes":""},"categories":[1],"tags":[],"class_list":["post-5305","post","type-post","status-publish","format-standard","has-post-thumbnail","hentry","category-cronica"],"_links":{"self":[{"href":"https:\/\/www.radiopresidenteibanez.cl\/web\/wp-json\/wp\/v2\/posts\/5305","targetHints":{"allow":["GET"]}}],"collection":[{"href":"https:\/\/www.radiopresidenteibanez.cl\/web\/wp-json\/wp\/v2\/posts"}],"about":[{"href":"https:\/\/www.radiopresidenteibanez.cl\/web\/wp-json\/wp\/v2\/types\/post"}],"author":[{"embeddable":true,"href":"https:\/\/www.radiopresidenteibanez.cl\/web\/wp-json\/wp\/v2\/users\/2"}],"replies":[{"embeddable":true,"href":"https:\/\/www.radiopresidenteibanez.cl\/web\/wp-json\/wp\/v2\/comments?post=5305"}],"version-history":[{"count":0,"href":"https:\/\/www.radiopresidenteibanez.cl\/web\/wp-json\/wp\/v2\/posts\/5305\/revisions"}],"wp:featuredmedia":[{"embeddable":true,"href":"https:\/\/www.radiopresidenteibanez.cl\/web\/wp-json\/wp\/v2\/media\/2310"}],"wp:attachment":[{"href":"https:\/\/www.radiopresidenteibanez.cl\/web\/wp-json\/wp\/v2\/media?parent=5305"}],"wp:term":[{"taxonomy":"category","embeddable":true,"href":"https:\/\/www.radiopresidenteibanez.cl\/web\/wp-json\/wp\/v2\/categories?post=5305"},{"taxonomy":"post_tag","embeddable":true,"href":"https:\/\/www.radiopresidenteibanez.cl\/web\/wp-json\/wp\/v2\/tags?post=5305"}],"curies":[{"name":"wp","href":"https:\/\/api.w.org\/{rel}","templated":true}]}}