{"id":53039,"date":"2024-12-16T11:47:00","date_gmt":"2024-12-16T14:47:00","guid":{"rendered":"https:\/\/www.radiopresidenteibanez.cl\/web\/?p=53039"},"modified":"2024-12-16T09:49:37","modified_gmt":"2024-12-16T12:49:37","slug":"rio-verde-se-hace-presente-en-comision-regionalde-uso-de-borde-costero-que-estuvo-marcada-por-rechazo-a-solicitud-de-comunidad-indigena","status":"publish","type":"post","link":"https:\/\/www.radiopresidenteibanez.cl\/web\/rio-verde-se-hace-presente-en-comision-regionalde-uso-de-borde-costero-que-estuvo-marcada-por-rechazo-a-solicitud-de-comunidad-indigena\/","title":{"rendered":"R\u00edo Verde se hace presente en Comisi\u00f3n Regionalde Uso de Borde Costero que estuvo marcada por rechazo a solicitud de Comunidad Ind\u00edgena"},"content":{"rendered":"\n<p>La Ilustre Municipalidad de R\u00edo Verde, representada por la alcaldesa Tatiana<br>V\u00e1squez Barrientos, particip\u00f3 activamente en la Comisi\u00f3n Regional de Uso de<br>Borde Costero (CRUBC) realizada en dependencias del Gobierno Regional de<br>Magallanes y de la Ant\u00e1rtica Chilena, instancia en que se revisaron diferentes<br>concesiones mar\u00edtimas y la entrega de Espacios Costeros Marinos para Pueblos<br>Originarios (ECMPO).<br>En esta instancia, la CRUBC, compuesta por municipios, servicios p\u00fablicos y<br>liderada por la Gobernaci\u00f3n de Magallanes, revis\u00f3 y vot\u00f3 uno de los puntos m\u00e1s<br>relevantes, que fue la solicitud de entrega de m\u00e1s de 24 mil hect\u00e1reas a una<br>comunidad kaw\u00e9sqar, As Wall la Iep, territorio que involucra un sector de la<br>Reserva Nacional Kaw\u00e9sqar, el cual tiene su ingreso en Isla Riesco, Comuna de<br>R\u00edo Verde.<br>Al respecto, la alcaldesa Tatiana V\u00e1squez Barrientos fue enf\u00e1tica en se\u00f1alar su<br>rechazo a la solicitud, exponiendo lo siguiente: \u00abse produce una incompatibilidad<br>en la administraci\u00f3n del espacio que abarca la solicitud, y de aceptar la<br>reclamaci\u00f3n, se provocar\u00eda una colisi\u00f3n entre la comunidad ind\u00edgena con las<br>competencias exclusivas del Servicio de Diversidad y \u00c1reas Protegidas sobre la<br>Reserva Nacional Kaw\u00e9sqar\u00bb.<br>A eso, agreg\u00f3 que \u201ctambi\u00e9n, debemos evitar que se produzca una incertidumbre<br>legal que afecte el desarrollo econ\u00f3mico, ya sea por la posible afectaci\u00f3n que un<br>eventual plan de administraci\u00f3n hacia las rutas de navegaci\u00f3n y proyectos de<br>desarrollo, tan necesarios hoy en d\u00eda, lo que puede afectar de gran manera la<br>actividad acu\u00edcola, fundamental para la Regi\u00f3n de Magallanes y Ant\u00e1rtica Chilena,<br>generando ingresos significativos para la Regi\u00f3n, no solo por las patentes, sino<\/p>\n\n\n\n<p>que por todos los empleos, bienes y servicios directos e indirectos relacionados a<br>la actividad\u201d.<\/p>\n","protected":false},"excerpt":{"rendered":"<p>La Ilustre Municipalidad de R\u00edo Verde, representada por la alcaldesa TatianaV\u00e1squez Barrientos, particip\u00f3 activamente en la Comisi\u00f3n Regional de Uso deBorde Costero (CRUBC) realizada en dependencias del Gobierno Regional deMagallanes&#8230; <a class=\"read-more\" href=\"https:\/\/www.radiopresidenteibanez.cl\/web\/rio-verde-se-hace-presente-en-comision-regionalde-uso-de-borde-costero-que-estuvo-marcada-por-rechazo-a-solicitud-de-comunidad-indigena\/\">Leer m\u00e1s<\/a><\/p>\n","protected":false},"author":2,"featured_media":53040,"comment_status":"closed","ping_status":"closed","sticky":false,"template":"","format":"standard","meta":{"footnotes":""},"categories":[1],"tags":[],"class_list":["post-53039","post","type-post","status-publish","format-standard","has-post-thumbnail","hentry","category-cronica"],"_links":{"self":[{"href":"https:\/\/www.radiopresidenteibanez.cl\/web\/wp-json\/wp\/v2\/posts\/53039","targetHints":{"allow":["GET"]}}],"collection":[{"href":"https:\/\/www.radiopresidenteibanez.cl\/web\/wp-json\/wp\/v2\/posts"}],"about":[{"href":"https:\/\/www.radiopresidenteibanez.cl\/web\/wp-json\/wp\/v2\/types\/post"}],"author":[{"embeddable":true,"href":"https:\/\/www.radiopresidenteibanez.cl\/web\/wp-json\/wp\/v2\/users\/2"}],"replies":[{"embeddable":true,"href":"https:\/\/www.radiopresidenteibanez.cl\/web\/wp-json\/wp\/v2\/comments?post=53039"}],"version-history":[{"count":0,"href":"https:\/\/www.radiopresidenteibanez.cl\/web\/wp-json\/wp\/v2\/posts\/53039\/revisions"}],"wp:featuredmedia":[{"embeddable":true,"href":"https:\/\/www.radiopresidenteibanez.cl\/web\/wp-json\/wp\/v2\/media\/53040"}],"wp:attachment":[{"href":"https:\/\/www.radiopresidenteibanez.cl\/web\/wp-json\/wp\/v2\/media?parent=53039"}],"wp:term":[{"taxonomy":"category","embeddable":true,"href":"https:\/\/www.radiopresidenteibanez.cl\/web\/wp-json\/wp\/v2\/categories?post=53039"},{"taxonomy":"post_tag","embeddable":true,"href":"https:\/\/www.radiopresidenteibanez.cl\/web\/wp-json\/wp\/v2\/tags?post=53039"}],"curies":[{"name":"wp","href":"https:\/\/api.w.org\/{rel}","templated":true}]}}