{"id":53033,"date":"2024-12-16T09:54:00","date_gmt":"2024-12-16T12:54:00","guid":{"rendered":"https:\/\/www.radiopresidenteibanez.cl\/web\/?p=53033"},"modified":"2024-12-16T08:57:52","modified_gmt":"2024-12-16T11:57:52","slug":"escuelas-preparadas-24-estudiantes-de-laguna-blanca-se-preparan-contra-incendios-forestales-con-conaf-antes-de-salir-de-vacaciones","status":"publish","type":"post","link":"https:\/\/www.radiopresidenteibanez.cl\/web\/escuelas-preparadas-24-estudiantes-de-laguna-blanca-se-preparan-contra-incendios-forestales-con-conaf-antes-de-salir-de-vacaciones\/","title":{"rendered":"Escuelas preparadas: 24 estudiantes de Laguna Blanca se preparan contra incendios forestales con CONAF antes de salir de vacaciones"},"content":{"rendered":"\n<p>Desde la escuela Diego Portales, en la comuna de Laguna Blanca, el seremi de Educaci\u00f3n, Valent\u00edn Aguilera G\u00f3mez, junto a su par de Agricultura, Irene Ram\u00edrez M\u00e9rida; el alcalde Fernando Ojeda Gonz\u00e1lez, la directora de establecimiento educacional, Doris Montiel Quedim\u00e1n y el equipo de prevenci\u00f3n de incendios de CONAF Magallanes, se present\u00f3 el Programa Escuelas Preparadas, iniciativa que tiene como objetivo reforzar la preparaci\u00f3n y prevenci\u00f3n ante incendios forestales en establecimientos educativos rurales de todo el pa\u00eds.<br>Este a\u00f1o se avanzaron con las escuelas de Cerro Dorotea, San Gregorio y ahora en Laguna Blanca.<br>Dicho programa incluye la realizaci\u00f3n de evaluaciones y diagn\u00f3sticos de vulnerabilidad de la<br>infraestructura, fomentando la vinculaci\u00f3n interinstitucional en los territorios. Adem\u00e1s, se entregaron planes de acci\u00f3n para orientar las medidas mitigatorias en caso de emergencia, especialmente en las escuelas rurales ubicadas en esas zonas. Complementando las acciones preventivas, las autoridades hicieron entrega de esta nueva herramienta de prevenci\u00f3n, denominada gu\u00eda metodol\u00f3gica \u201cEscuelas Preparadas ante Incendios Forestales\u201d, que busca apoyar y orientar a las comunidades educativas con directrices y estrategias para la gesti\u00f3n de riesgos.<br>Al respecto, el seremi de Educaci\u00f3n, Valent\u00edn Aguilera G\u00f3mez, indic\u00f3: \u201cHemos conversado con la<br>directora y es muy relevante que este documento se pueda integrar al Plan Integral de Seguridad<br>Escolar, que realiza el establecimiento y que le sirva tambi\u00e9n como modelo de trabajo para la<br>comunidad educativa en su conjunto\u201d.<br>Durante su visita, las autoridades recorrieron la escuela y compartieron con las y los profesores de<br>los 24 escolares de la escuela Diego Portales de la comuna Laguna Blanca que participaron de la<br>presentaci\u00f3n que realiz\u00f3 CONAF, del programa entregando informaci\u00f3n de relevancia y autocuidados como el n\u00famero 130 de la Corporaci\u00f3n Nacional Forestal que est\u00e1 disponible las 24 horas de forma continua alerta para el resguardo de los bosques de nuestro pa\u00eds.<br>La estudiante M\u00eda Ampuero Ru\u00edz (10 a\u00f1os), expres\u00f3 sobre la actividad: \u201cMe pareci\u00f3 muy buena,<br>porque nos ense\u00f1a qu\u00e9 hacer en caso de que estuvi\u00e9ramos en un incendio o, por ejemplo, ac\u00e1 en el campo, que hay muchos \u00e1rboles, mucha vegetaci\u00f3n, a qu\u00e9 n\u00famero llamar y qu\u00e9 hacer\u201d.<br>La Directora Doris Montiel se refiri\u00f3 a la importancia del programa para las escuelas rurales, \u201cse trata de tener una escuela preparada en caso de que se produzca un incendio y en una escuela rural realmente estamos expuestos a un incendio de mayor magnitud. Entonces lo que nos trajeron el d\u00eda de hoy, nos ayuda con las medidas preventivas y de c\u00f3mo se est\u00e1 desarrollando el programa que es muy importante y bueno\u201d.<br>Por su parte, Irene Ram\u00edrez manifest\u00f3 que, \u201ccomo Ministerio de Agricultura nos estamos enfocando en la prevenci\u00f3n de incendios forestales; en c\u00f3mo prevenir y preparar a los profesores y alumnos frente a las emergencias como un incendio forestal del que no somos ajenos. Es por esto que hoy estamos trabajando con distintas instituciones para poder enfrentar estos riesgos e implementar medidas de prevenci\u00f3n que se ampliaran a las once escuelas rurales que tiene la regi\u00f3n Magallanes\u201d.<\/p>\n","protected":false},"excerpt":{"rendered":"<p>Desde la escuela Diego Portales, en la comuna de Laguna Blanca, el seremi de Educaci\u00f3n, Valent\u00edn Aguilera G\u00f3mez, junto a su par de Agricultura, Irene Ram\u00edrez M\u00e9rida; el alcalde Fernando&#8230; <a class=\"read-more\" href=\"https:\/\/www.radiopresidenteibanez.cl\/web\/escuelas-preparadas-24-estudiantes-de-laguna-blanca-se-preparan-contra-incendios-forestales-con-conaf-antes-de-salir-de-vacaciones\/\">Leer m\u00e1s<\/a><\/p>\n","protected":false},"author":2,"featured_media":53034,"comment_status":"closed","ping_status":"closed","sticky":false,"template":"","format":"standard","meta":{"footnotes":""},"categories":[1],"tags":[],"class_list":["post-53033","post","type-post","status-publish","format-standard","has-post-thumbnail","hentry","category-cronica"],"_links":{"self":[{"href":"https:\/\/www.radiopresidenteibanez.cl\/web\/wp-json\/wp\/v2\/posts\/53033","targetHints":{"allow":["GET"]}}],"collection":[{"href":"https:\/\/www.radiopresidenteibanez.cl\/web\/wp-json\/wp\/v2\/posts"}],"about":[{"href":"https:\/\/www.radiopresidenteibanez.cl\/web\/wp-json\/wp\/v2\/types\/post"}],"author":[{"embeddable":true,"href":"https:\/\/www.radiopresidenteibanez.cl\/web\/wp-json\/wp\/v2\/users\/2"}],"replies":[{"embeddable":true,"href":"https:\/\/www.radiopresidenteibanez.cl\/web\/wp-json\/wp\/v2\/comments?post=53033"}],"version-history":[{"count":0,"href":"https:\/\/www.radiopresidenteibanez.cl\/web\/wp-json\/wp\/v2\/posts\/53033\/revisions"}],"wp:featuredmedia":[{"embeddable":true,"href":"https:\/\/www.radiopresidenteibanez.cl\/web\/wp-json\/wp\/v2\/media\/53034"}],"wp:attachment":[{"href":"https:\/\/www.radiopresidenteibanez.cl\/web\/wp-json\/wp\/v2\/media?parent=53033"}],"wp:term":[{"taxonomy":"category","embeddable":true,"href":"https:\/\/www.radiopresidenteibanez.cl\/web\/wp-json\/wp\/v2\/categories?post=53033"},{"taxonomy":"post_tag","embeddable":true,"href":"https:\/\/www.radiopresidenteibanez.cl\/web\/wp-json\/wp\/v2\/tags?post=53033"}],"curies":[{"name":"wp","href":"https:\/\/api.w.org\/{rel}","templated":true}]}}