{"id":53030,"date":"2024-12-16T09:04:00","date_gmt":"2024-12-16T12:04:00","guid":{"rendered":"https:\/\/www.radiopresidenteibanez.cl\/web\/?p=53030"},"modified":"2024-12-16T08:45:40","modified_gmt":"2024-12-16T11:45:40","slug":"boletin-informativo-matinal-orbe-18","status":"publish","type":"post","link":"https:\/\/www.radiopresidenteibanez.cl\/web\/boletin-informativo-matinal-orbe-18\/","title":{"rendered":"Boletin Informativo Matinal ORBE"},"content":{"rendered":"\n<p>SANTIAGO.- La nueva c\u00e9dula de identidad y pasaporte,<br>presentada en junio pasado por el Registro Civil, entrar\u00e1 en<br>vigencia este lunes 16 de diciembre, con nuevas medidas de<br>seguridad e, incluso, con una versi\u00f3n digital. El desarrollo<br>del nuevo documento estuvo a cargo de la empresa francesa con<br>sede en \u00c1msterdam y Par\u00eds Idemia y cuenta con un dise\u00f1o que<br>recoge los principales atractivos tur\u00edsticos del pa\u00eds.<\/p>\n\n\n\n<p>SANTIAGO.- De acuerdo al Registro Civil, el nuevo carnet<br>cuenta con 32 medidas de seguridad, entre ellas un chip,<br>relieve t\u00e1ctil, im\u00e1genes perceptibles con luz ultravioleta, y<br>es inclusiva para personas con discapacidad visual. Con ello,<br>se busca dar cumplimiento a certificaciones y los m\u00e1s altos<br>est\u00e1ndares internacionales en materia de protecci\u00f3n de<br>datos.<\/p>\n\n\n\n<p>SANTIAGO.- Las personas podr\u00e1n optar a tener el documento en<br>una versi\u00f3n digital desde este lunes y podr\u00e1 ser utilizada a<br>trav\u00e9s de una aplicaci\u00f3n y sistemas biom\u00e9tricos. Con ella, se<br>podr\u00e1 acceder a servicios tanto del sector p\u00fablico como<br>privado. Este tipo de c\u00e9dula digital es opcional; es decir,<br>cuando las personas soliciten el nuevo documento ser\u00e1n<br>consultadas si desean emitir la versi\u00f3n digital, por lo<br>mismo, complementa a la versi\u00f3n f\u00edsica.<\/p>\n\n\n\n<p>SANTIAGO.- Quienes est\u00e9n de acuerdo, recibir\u00e1n un c\u00f3digo que<br>facilitar\u00e1 la descarga del carnet y acceder a un c\u00f3digo QR<br>\u00fanico. Esto se suma, al reciente anuncio del Ministerio de<br>Transportes y Comunicaciones sobre la entrega \u2013desde el 15 de<br>enero de 2025- de la licencia de conducir digital, que<br>complementa a su versi\u00f3n f\u00edsica.<\/p>\n\n\n\n<p>SANTIAGO.- Se conocieron l\u00faltima jornada los resultados de la<br>m\u00e1s reciente Encuesta Plaza P\u00fablica de Cadem. Esta destaca un<br>alza de Evelyn Matthei en las preferencias presidenciales con<br>un 26 por ciento, subiendo cuatro puntos respecto al sondeo<br>anterior. Mientras, el abandera republicano Jos\u00e9 Antonio<br>Kast registr\u00f3 una abrupta ca\u00edda de seis puntos, llegando a 8<br>por ciento.<\/p>\n\n\n\n<p>SANTIAGO.- En tanto, un punto m\u00e1s atr\u00e1s aparece la<br>expresidenta Michelle Bachelet con 7%, siendo la figura de<br>izquierda mejor posicionada en la encuesta Cadem. Johannes<br>Kaiser por su parte subi\u00f3 a 5 por ciento, por delante del<br>alcalde de Maip\u00fa Tom\u00e1s Vodanovic. \u00abLa exalcaldesa de<br>Providencia se impone adem\u00e1s en todos los posibles escenarios<br>de segunda vuelta.<\/p>\n\n\n\n<p>SANTIAGO.- De acuerdo a la encuesta, supera a Bachelet por 12<br>puntos 51 versus 39 por ciento, a Claudio Orrego por 23<br>puntos, 56 versus 33 por ciento, al expresidente Eduardo Frei<br>por 28 puntos, 57 versus 29 por ciento, a Kast por 36<br>puntos, 57 versus 21 por ciento, a Carolina Toh\u00e1 por 41<br>puntos, 62 versus 21 por ciento, y a Kaiser por 51 puntos 64<br>vs 13 por ciento\u00bb, consign\u00f3 la consulta.<\/p>\n\n\n\n<p>SANTIAGO.- En cuanto a los pol\u00edticos mejores evaluados, el<br>listado es liderado por Tom\u00e1s Vodanovic con 74 por ciento.<br>M\u00e1s atr\u00e1s se ubican el gobernador metropolitano Claudio<br>Orrego, 67 por ciento, Evelyn Matthei 66 por ciento, Mario<br>Desbordes, 62 por ciento, y Sebasti\u00e1n Sichel, 60 por ciento,<br>. Mientras que los peores evaluados son Daniel Jadue (27%),<br>la presidenta del Frente Amplio, Constanza Mart\u00ednez, 25 por<br>ciento, y el timonel del Partido Comunista Lautaro Carmona,<br>22 por ciento.<\/p>\n\n\n\n<p>SANTIAGO.- Por otro lado, en la segunda semana de diciembre,<br>el Presidente Gabriel Boric disminuy\u00f3 tres puntos en su<br>aprobaci\u00f3n, la que alcanza el 29 por ciento. En tanto, su<br>desaprobaci\u00f3n se mantuvo en 62 por ciento.<\/p>\n","protected":false},"excerpt":{"rendered":"<p>SANTIAGO.- La nueva c\u00e9dula de identidad y pasaporte,presentada en junio pasado por el Registro Civil, entrar\u00e1 envigencia este lunes 16 de diciembre, con nuevas medidas deseguridad e, incluso, con una&#8230; <a class=\"read-more\" href=\"https:\/\/www.radiopresidenteibanez.cl\/web\/boletin-informativo-matinal-orbe-18\/\">Leer m\u00e1s<\/a><\/p>\n","protected":false},"author":2,"featured_media":53031,"comment_status":"closed","ping_status":"closed","sticky":false,"template":"","format":"standard","meta":{"footnotes":""},"categories":[1],"tags":[],"class_list":["post-53030","post","type-post","status-publish","format-standard","has-post-thumbnail","hentry","category-cronica"],"_links":{"self":[{"href":"https:\/\/www.radiopresidenteibanez.cl\/web\/wp-json\/wp\/v2\/posts\/53030","targetHints":{"allow":["GET"]}}],"collection":[{"href":"https:\/\/www.radiopresidenteibanez.cl\/web\/wp-json\/wp\/v2\/posts"}],"about":[{"href":"https:\/\/www.radiopresidenteibanez.cl\/web\/wp-json\/wp\/v2\/types\/post"}],"author":[{"embeddable":true,"href":"https:\/\/www.radiopresidenteibanez.cl\/web\/wp-json\/wp\/v2\/users\/2"}],"replies":[{"embeddable":true,"href":"https:\/\/www.radiopresidenteibanez.cl\/web\/wp-json\/wp\/v2\/comments?post=53030"}],"version-history":[{"count":0,"href":"https:\/\/www.radiopresidenteibanez.cl\/web\/wp-json\/wp\/v2\/posts\/53030\/revisions"}],"wp:featuredmedia":[{"embeddable":true,"href":"https:\/\/www.radiopresidenteibanez.cl\/web\/wp-json\/wp\/v2\/media\/53031"}],"wp:attachment":[{"href":"https:\/\/www.radiopresidenteibanez.cl\/web\/wp-json\/wp\/v2\/media?parent=53030"}],"wp:term":[{"taxonomy":"category","embeddable":true,"href":"https:\/\/www.radiopresidenteibanez.cl\/web\/wp-json\/wp\/v2\/categories?post=53030"},{"taxonomy":"post_tag","embeddable":true,"href":"https:\/\/www.radiopresidenteibanez.cl\/web\/wp-json\/wp\/v2\/tags?post=53030"}],"curies":[{"name":"wp","href":"https:\/\/api.w.org\/{rel}","templated":true}]}}