{"id":53027,"date":"2024-12-16T08:30:00","date_gmt":"2024-12-16T11:30:00","guid":{"rendered":"https:\/\/www.radiopresidenteibanez.cl\/web\/?p=53027"},"modified":"2024-12-16T08:29:42","modified_gmt":"2024-12-16T11:29:42","slug":"a-35-anos-del-triunfo-de-la-concertacion","status":"publish","type":"post","link":"https:\/\/www.radiopresidenteibanez.cl\/web\/a-35-anos-del-triunfo-de-la-concertacion\/","title":{"rendered":"A 35 A\u00d1OS DEL TRIUNFO DE LA CONCERTACI\u00d3N"},"content":{"rendered":"\n<p>Esta semana se conmemoraron 35 a\u00f1os del triunfo de la concertaci\u00f3n de partidos por la democracia, en las elecciones presidenciales y parlamentarias, efectuadas el 14 de diciembre de 1989. Para lectores que no vivieron esa \u00e9poca, les recuerdo que Chile lleg\u00f3 a esta instancia decisiva, tras haber ganado el plebiscito del 5 de octubre de 1988. En el lapso que va entre ambas fechas, las fuerzas democr\u00e1ticas debieron negociar una reforma constitucional, y la dictaci\u00f3n de diversas leyes que habilitaran adecuadamente el proceso eleccionario. La oposici\u00f3n triunfante del plebiscito, uni\u00f3 filas detr\u00e1s de Patricio Aylwin, candidato presidencial de la Concertaci\u00f3n de partidos por la democracia, conglomerado que por ese entonces reun\u00eda 17 movimientos<br>o partidos pol\u00edticos. Aylwin se impuso en primarias internas de la DC, donde compet\u00eda con Eduardo Frei y don Gabriel Vald\u00e9s. Una decisi\u00f3n no exenta de pol\u00e9micas, por el llamado \u201cCarmen Gate\u201d, donde se acus\u00f3 p\u00e9rdida de votos y robo de urnas. Por los partidos de izquierda se levant\u00f3 las candidaturas de Ricardo Lagos,apoyado por el PPD y un sector renovado del PS, liderado por Ricardo N\u00fa\u00f1ez. El partido Radical proclam\u00f3 a su presidente don Enrique Silva Cimma. El sector liderado por Clodomiro Almeya del PS proclam\u00f3 al presidente del movimiento Independientes por el No, Alejandro Hales. El Partido Socialdemocracia levant\u00f3 la candidatura del abogado Eugenio Velasco. Finalmente, todas estas candidaturas y los sectores que las apoyaban, se plegaron al apoyo de una candidatura \u00fanica de la oposici\u00f3n, alternativa a la que se sum\u00f3 tambi\u00e9n el Partido amplio de izquierda socialista (PAIS), que agrupaba al PC y otros partidos proscritos de<br>izquierda.<br>Los sectores que, en el plebiscito de 1988, estuvieron por la continuidad de la dictadura, se organizaron para enfrentar las elecciones presidenciales, en dos listas.<br>-Una encabezada por el ex ministro de Hacienda de la dictadura, el economista Hern\u00e1n B\u00fcchi, era la figura ideal para dejar atr\u00e1s los uniformes militares. Con una imagen juvenil, deportista, de blonda cabellera, era del gusto de los sectores acomodados del pa\u00eds, que controlaban a los partidos conservadores. Curiosamente, las dificultades de esta candidatura no las ocasion\u00f3 la oposici\u00f3n, sino el propio candidato. Quien incluso estuvo por deponer su candidatura, aludiendo a una \u201ccontradicci\u00f3n vital\u201d entre su car\u00e1cter y las responsabilidades del cargo presidencial. Los partidos de derecha reaccionaron designando sus propios candidatos, RN a otro ex ministro de la dictadura, Sergio Onofre Jarpa, y la Democracia Radical, a Domingo Dur\u00e1n. La UDI en tanto<br>insisti\u00f3 en proclamar a Hern\u00e1n B\u00fcchi. Quien despu\u00e9s de muchos ires y venires, acept\u00f3 la candidatura presidencial de la derecha. Tanto la democracia radical como RN se plegaron a esta candidatura, deponiendo las propias. El Slogan de campa\u00f1a escogido fue \u201cB\u00fcchi es el hombre\u201d, inicialmente general\u00edsimo de campa\u00f1a fue el fallecido Sebasti\u00e1n Pi\u00f1era, el cual fue reemplazado posteriormente por otro ex ministro del dictador, el empresario Pablo Barahona.<br>-La segunda candidatura del sector conservador, fue la del empresario Francisco Javier Err\u00e1zuriz Talavera, se defini\u00f3 de centro, siendo apoyado por el Partido Liberal, el Partido Socialista Chileno (mismo partido que apoy\u00f3 el S\u00ed en el plebiscito sin vinculaci\u00f3n alguna con el partido de izquierda), y el partido Avanzada Nacional, m\u00e1s el Partido Nacional y el Partido del Sur, todos partidos con alcance local y vinculados a figuras de derecha y ex miembros del r\u00e9gimen.<br>El 14 de diciembre de 1989, Chile contaba con una poblaci\u00f3n estimada de doce millones de<br>habitantes, para tener derecho a voto, deb\u00eda concurrirse personalmente a las oficinas del registro electoral para inscribirse. Esta traba fue superada por las fuerzas de oposici\u00f3n al dictador, convocando masivamente a las personas a inscribirse. El d\u00eda de la primera elecci\u00f3n presidencial y parlamentaria en el retorno a la democracia, concurrieron 7.158.727 votantes. Y los resultados fueron:<br>-Patricio Aylwin Az\u00f3car: 3.850.571 votos, con el 55.17 %<br>-Hern\u00e1n B\u00fcchi Buc: 2.052.116 votos, con el 29.40 %<br>-Francisco Javier Err\u00e1zuriz: 1.077.172 votos, con el 15.43%<\/p>\n\n\n\n<p>El macizo resultado presidencial, permiti\u00f3 al candidato \u00fanico de la oposici\u00f3n, imponerse en primera vuelta. Adicionalmente, el progresismo tambi\u00e9n triunf\u00f3 en las elecciones parlamentarias, en que se eleg\u00eda al primer parlamento desde 1970.<br>En las parlamentarias se presentaron 7 listas. Por la oposici\u00f3n a la dictadura, dos listas:<br>-La Concertaci\u00f3n de partidos por la democracia, que reun\u00eda a la DC, al PPD, partido instrumental que reun\u00eda por esa \u00e9poca a algunos sectores socialistas. Tambi\u00e9n participaba el partido Radical, el partido Humanista, yLos Verdes; y -La lista Unidad para la democracia, que reun\u00eda al Partido Amplio de Izquierda Socialista (partido instrumental que reun\u00eda a militantes de izquierda de partidos proscritos por el r\u00e9gimen como el PC) y el Partido Radical Socialista Democr\u00e1tico<br>Por el sector pol\u00edtico conservador, que particip\u00f3 del r\u00e9gimen dictatorial, se inscribieron cinco listas:<br>-Democracia y progreso: que reun\u00eda a RN y a la UDI -El Partido del Sur -Alianza de Centro, que reun\u00eda a Avanzada Nacional (partido fundado por ex mandos de la polic\u00eda secreta de<br>la dictadura, la CNI, y partidarios radicalizados); y la Democracia Radical (de f\u00e9rreo apoyo al dictador y muy distante del viejo tronco radical) -Liberal-Socialista Chileno: Que reun\u00eda al Partido Liberal y al Partido Socialista Chileno. Partidos constituidos por partidarios de la dictadura con el prop\u00f3sito de confundir al electorado. Y, -El partido nacional.<br>Pese al bajo conocimiento del electorado, tras 17 a\u00f1os de cierre del congreso, y prohibici\u00f3n de los<br>partidos pol\u00edticos, la oposici\u00f3n al dictador obtuvo un s\u00f3lido triunfo. En la c\u00e1mara de diputados las fuerzas democr\u00e1ticas de la Concertaci\u00f3n de partidos por la democracia, obtuvo un 51,49% eligiendo a 69 diputados.<br>En tanto el Partido Amplio de Izquierda Socialista obtuvo 4,38% eligiendo 2 diputados.<br>Por el lado de los partidarios del r\u00e9gimen, la lista de RN y la UDI sacaron el 34,18% de los votos,<br>eligiendo 48 diputados. Las otras listas del sector conservador no eligieron diputados,<br>En el Senado en tanto. La lista de la Concertaci\u00f3n obtuvo el 54,63% de los votos, eligiendo a 22<br>senadores. El partido amplio de izquierda socialista obtuvo el 4.24% de los votos y no eligi\u00f3 senadores.<br>Por el sector que apoyaba al r\u00e9gimen de Pinochet, RN y la UDI obtuvieron 34,85% eligiendo 16<br>senadores. Las otras listas proclives al r\u00e9gimen no eligieron senadores.<br>Por el sistema binominal vigente a esa fecha (rigi\u00f3 hasta 2017), s\u00f3lo eligieron parlamentarios los dos grandes bloques. La constituci\u00f3n del 80\u00a8contemplaba la figura de los senadores designados. Una instituci\u00f3n concebida para reducir las posibilidades de que la oposici\u00f3n a la dictadura pudiera aprobar leyes, contrarias a los intereses del r\u00e9gimen. En esa ocasi\u00f3n se design\u00f3 por la Corte Suprema A Ricardo Mart\u00edn D\u00edaz. El Ej\u00e9rcito design\u00f3 a Santiago Sinclair. La Armada design\u00f3 a Ronald Mc-Intyre. La Fuerza a\u00e9rea a C\u00e9sar Ruiz.<br>Carabineros de Chile a Vicente Huerta. La Contralor\u00eda a Olga Feli\u00fa. La rector\u00eda de la Universidad de Chile a William Thayer. Y como ministro de estado, se design\u00f3 a Sergio Fern\u00e1ndez.<br>El entramado constitucional destinado a entrabar la gesti\u00f3n de cualquier gobierno ajeno a los intereses conservadores, se completaba con la norma que establec\u00eda un qu\u00f3rum calificado para la aprobaci\u00f3n de materias, que la propia constituci\u00f3n establece. Qu\u00f3rum de 2\/3 de los votos, una mayor\u00eda muy dif\u00edcil de conseguir dado el sistema binominal, y los senadores designados. En palabras del fallecido senador Jaime Guzm\u00e1n, la idea era que, constre\u00f1idos por las normas constitucionales, los adversarios pol\u00edticos se vieran obligados a adoptar decisiones, no muy diferentes a las que adoptar\u00eda el propio sector conservador.<br>A treinta y cinco a\u00f1os del triunfo de las fuerzas democr\u00e1ticas en las elecciones presidenciales y<br>parlamentarias, que permitieron iniciar la transici\u00f3n a la democracia, hacemos votos, porque los actores pol\u00edticos del progresismo y del sector conservador, valoren el ciclo de progreso y de libertad que hemos vivido y del cual somos tributarios. Asimismo, los ciudadanos de a pie de este pa\u00eds, esperamos que los sectores pol\u00edticos del progresismo y del sector conservador, sepan encontrar los caminos que permitan retomar el ciclo pol\u00edtico, que mayor prosperidad y estabilidad ha tra\u00eddo al pa\u00eds. El pa\u00eds, anhela tranquilidad, vivir en paz, con trabajo, crecimiento econ\u00f3mico y mejores sueldos. Eso obliga a la clase pol\u00edtica, abandonar sus peleas de sal\u00f3n, y trabajar firmemente por forjar los acuerdos necesarios para avanzar. Ese es el mejor homenaje a los<br>hombres y mujeres que protagonizaron la recuperaci\u00f3n de la democracia, y construyeron las bases de su fortalecimiento.<\/p>\n\n\n\n<p>Ernesto Sep\u00falveda Tornero<\/p>\n\n\n\n<p><\/p>\n","protected":false},"excerpt":{"rendered":"<p>Esta semana se conmemoraron 35 a\u00f1os del triunfo de la concertaci\u00f3n de partidos por la democracia, en las elecciones presidenciales y parlamentarias, efectuadas el 14 de diciembre de 1989. Para&#8230; <a class=\"read-more\" href=\"https:\/\/www.radiopresidenteibanez.cl\/web\/a-35-anos-del-triunfo-de-la-concertacion\/\">Leer m\u00e1s<\/a><\/p>\n","protected":false},"author":2,"featured_media":53028,"comment_status":"closed","ping_status":"closed","sticky":false,"template":"","format":"standard","meta":{"footnotes":""},"categories":[1],"tags":[],"class_list":["post-53027","post","type-post","status-publish","format-standard","has-post-thumbnail","hentry","category-cronica"],"_links":{"self":[{"href":"https:\/\/www.radiopresidenteibanez.cl\/web\/wp-json\/wp\/v2\/posts\/53027","targetHints":{"allow":["GET"]}}],"collection":[{"href":"https:\/\/www.radiopresidenteibanez.cl\/web\/wp-json\/wp\/v2\/posts"}],"about":[{"href":"https:\/\/www.radiopresidenteibanez.cl\/web\/wp-json\/wp\/v2\/types\/post"}],"author":[{"embeddable":true,"href":"https:\/\/www.radiopresidenteibanez.cl\/web\/wp-json\/wp\/v2\/users\/2"}],"replies":[{"embeddable":true,"href":"https:\/\/www.radiopresidenteibanez.cl\/web\/wp-json\/wp\/v2\/comments?post=53027"}],"version-history":[{"count":0,"href":"https:\/\/www.radiopresidenteibanez.cl\/web\/wp-json\/wp\/v2\/posts\/53027\/revisions"}],"wp:featuredmedia":[{"embeddable":true,"href":"https:\/\/www.radiopresidenteibanez.cl\/web\/wp-json\/wp\/v2\/media\/53028"}],"wp:attachment":[{"href":"https:\/\/www.radiopresidenteibanez.cl\/web\/wp-json\/wp\/v2\/media?parent=53027"}],"wp:term":[{"taxonomy":"category","embeddable":true,"href":"https:\/\/www.radiopresidenteibanez.cl\/web\/wp-json\/wp\/v2\/categories?post=53027"},{"taxonomy":"post_tag","embeddable":true,"href":"https:\/\/www.radiopresidenteibanez.cl\/web\/wp-json\/wp\/v2\/tags?post=53027"}],"curies":[{"name":"wp","href":"https:\/\/api.w.org\/{rel}","templated":true}]}}