{"id":53024,"date":"2024-12-15T16:55:00","date_gmt":"2024-12-15T19:55:00","guid":{"rendered":"https:\/\/www.radiopresidenteibanez.cl\/web\/?p=53024"},"modified":"2024-12-15T12:56:26","modified_gmt":"2024-12-15T15:56:26","slug":"slep-magallanes-invirtio-casi-40-millones-en-el-liceo-politecnico-cardenalraul-silva-henriquez","status":"publish","type":"post","link":"https:\/\/www.radiopresidenteibanez.cl\/web\/slep-magallanes-invirtio-casi-40-millones-en-el-liceo-politecnico-cardenalraul-silva-henriquez\/","title":{"rendered":"SLEP Magallanes invirti\u00f3 casi $ 40 millones en el Liceo Polit\u00e9cnico CardenalRa\u00fal Silva Henr\u00edquez"},"content":{"rendered":"\n<p>Una de las necesidades m\u00e1s sentidas que hab\u00edan expresado los miembros de la<br>comunidad educativa del Liceo Cardenal Ra\u00fal Silva Henr\u00edquez era el mal estado<br>de la techumbre en el sector del patio interior que sirve como comedor para los<br>estudiantes.<br>La estructura presentaba filtraciones que permit\u00edan el paso del agua en los d\u00edas<br>lluviosos, haciendo del espacio un lugar inseguro e inc\u00f3modo, especialmente a la<br>hora de la alimentaci\u00f3n o los recreos.<br>Con una inversi\u00f3n cercana a los 40 millones de pesos acaba de terminar el<br>reemplazo de todas las planchas en la techumbre, que fue sometida a una prueba<br>de impermeabilidad que result\u00f3 exitosa.<br>El director del establecimiento, Juli\u00e1n Mancilla, dijo que \u201ccuando asumimos la<br>direcci\u00f3n aqu\u00ed hab\u00eda un comedor que se goteaba entero, y el director ejecutivo se<br>comprometi\u00f3 a arreglarnos el comedor, cosa que se cumpli\u00f3 antes del fin de a\u00f1o,<br>lo que es un logro bastante ansiado por la comunidad educativa\u201d.<br>La inversi\u00f3n tambi\u00e9n incluy\u00f3 la normalizaci\u00f3n de una parte de la instalaci\u00f3n<br>el\u00e9ctrica del liceo, especialmente en el \u00e1rea de la cocina donde se prepara la<br>alimentaci\u00f3n escolar.<br>Esta iniciativa forma parte de una cartera de diez obras en sendos<br>establecimientos educativos financiadas con recursos del fondo de proyectos de<br>infraestructura escolar de urgencia del Ministerio de Educaci\u00f3n. Los trabajos est\u00e1n<br>en pleno desarrollo e involucran, en conjunto, una inversi\u00f3n superior a los 400<br>millones de pesos.<\/p>\n","protected":false},"excerpt":{"rendered":"<p>Una de las necesidades m\u00e1s sentidas que hab\u00edan expresado los miembros de lacomunidad educativa del Liceo Cardenal Ra\u00fal Silva Henr\u00edquez era el mal estadode la techumbre en el sector del&#8230; <a class=\"read-more\" href=\"https:\/\/www.radiopresidenteibanez.cl\/web\/slep-magallanes-invirtio-casi-40-millones-en-el-liceo-politecnico-cardenalraul-silva-henriquez\/\">Leer m\u00e1s<\/a><\/p>\n","protected":false},"author":2,"featured_media":53025,"comment_status":"closed","ping_status":"closed","sticky":false,"template":"","format":"standard","meta":{"footnotes":""},"categories":[1],"tags":[],"class_list":["post-53024","post","type-post","status-publish","format-standard","has-post-thumbnail","hentry","category-cronica"],"_links":{"self":[{"href":"https:\/\/www.radiopresidenteibanez.cl\/web\/wp-json\/wp\/v2\/posts\/53024","targetHints":{"allow":["GET"]}}],"collection":[{"href":"https:\/\/www.radiopresidenteibanez.cl\/web\/wp-json\/wp\/v2\/posts"}],"about":[{"href":"https:\/\/www.radiopresidenteibanez.cl\/web\/wp-json\/wp\/v2\/types\/post"}],"author":[{"embeddable":true,"href":"https:\/\/www.radiopresidenteibanez.cl\/web\/wp-json\/wp\/v2\/users\/2"}],"replies":[{"embeddable":true,"href":"https:\/\/www.radiopresidenteibanez.cl\/web\/wp-json\/wp\/v2\/comments?post=53024"}],"version-history":[{"count":0,"href":"https:\/\/www.radiopresidenteibanez.cl\/web\/wp-json\/wp\/v2\/posts\/53024\/revisions"}],"wp:featuredmedia":[{"embeddable":true,"href":"https:\/\/www.radiopresidenteibanez.cl\/web\/wp-json\/wp\/v2\/media\/53025"}],"wp:attachment":[{"href":"https:\/\/www.radiopresidenteibanez.cl\/web\/wp-json\/wp\/v2\/media?parent=53024"}],"wp:term":[{"taxonomy":"category","embeddable":true,"href":"https:\/\/www.radiopresidenteibanez.cl\/web\/wp-json\/wp\/v2\/categories?post=53024"},{"taxonomy":"post_tag","embeddable":true,"href":"https:\/\/www.radiopresidenteibanez.cl\/web\/wp-json\/wp\/v2\/tags?post=53024"}],"curies":[{"name":"wp","href":"https:\/\/api.w.org\/{rel}","templated":true}]}}