{"id":53018,"date":"2024-12-15T12:52:18","date_gmt":"2024-12-15T15:52:18","guid":{"rendered":"https:\/\/www.radiopresidenteibanez.cl\/web\/?p=53018"},"modified":"2024-12-15T12:52:25","modified_gmt":"2024-12-15T15:52:25","slug":"exitosa-reubicacion-de-puma-tras-operativo-coordinado-en-san-gregorio","status":"publish","type":"post","link":"https:\/\/www.radiopresidenteibanez.cl\/web\/exitosa-reubicacion-de-puma-tras-operativo-coordinado-en-san-gregorio\/","title":{"rendered":"Exitosa reubicaci\u00f3n de puma tras operativo coordinado en San Gregorio"},"content":{"rendered":"\n<p>Gracias a una alerta oportuna y al trabajo colaborativo entre el Servicio Agr\u00edcola y Ganadero de Magallanes y de la Municipalidad de San Gregorio, la noche de este lunes un ejemplar de puma&nbsp;<em>(Puma&nbsp;concolor)<\/em>&nbsp;fue capturado y reinsertado exitosamente, en un ambiente natural pero alejado de la villa, por funcionarios de dichas instituciones.<\/p>\n\n\n\n<p>Fue hace algunas semanas, que tras una alerta de avistamiento reiterado de un puma en Villa Punta Delgada, comuna de San Gregorio, SAG inici\u00f3 un trabajo preventivo e informativo con el Municipio y sus residentes, quienes comenzaron a registrar los avistamientos y horarios de los mismos, acci\u00f3n que fue fortalecida con la instalaci\u00f3n de c\u00e1maras trampa para captar los movimientos del felino. &nbsp;Tras este trabajo de informaci\u00f3n en una comunidad inserta en el medio rural, que es h\u00e1bitat natural de la especie, se constat\u00f3 que los avistamientos fueron cada vez m\u00e1s frecuentes al interior de la villa, observ\u00e1ndose desplazamientos y ocupaci\u00f3n por parte del puma en lugares que tienen alta uso por los residentes, especialmente de los ni\u00f1os y mascotas, instal\u00e1ndose una percepci\u00f3n creciente de riesgo. Producto de lo anterior, a las medidas conservadoras de aversi\u00f3n, se implement\u00f3 un operativo de captura, a trav\u00e9s de la instalaci\u00f3n de una jaula trampa, apoyado con la utilizaci\u00f3n de dardos anest\u00e9sicos que finalmente posibilitaron la captura del esp\u00e9cimen.<\/p>\n\n\n\n<p>\u201cTras la captura, inspeccionamos al puma, constatando que el animal se encontraba en buenas condiciones, y que correspond\u00eda a un ejemplar macho joven. Igualmente, procedimos a instalar un chip que permitir\u00e1 identifica al animal ante una eventual futura captura. Una vez que se constat\u00f3 que estaba bien recuperado de la anestesia, fue liberado en un ambiente de estepa, h\u00e1bitat caracter\u00edstico de la especie\u201d, se\u00f1al\u00f3 el m\u00e9dico veterinario de SAG, especialista en fauna silvestre, Rodrigo Molina Uriarte, quien lider\u00f3 el operativo.<\/p>\n\n\n\n<p>Por su parte, la directora regional de SAG Magallanes, Paula Quiero Le\u00f3n,&nbsp;explic\u00f3&nbsp;que el puma es un animal t\u00edmido e inofensivo frente al encuentro con personas, sin embargo, siempre es necesario mantener una actitud preventiva y aprender a convivir con la especie, sobre todo en la regi\u00f3n de Magallanes, donde la poblaci\u00f3n de este felino se encuentra en buen estado de conservaci\u00f3n, siendo alta la posibilidad de avistamiento.<\/p>\n\n\n\n<p>Finalmente, cabe destacar que la circunstancia descrita, represent\u00f3 una coyuntura excepcional en la vida cotidiana de la Villa. Siendo el puma un habitante regular en la comuna no es frecuente la conducta confiada que mostraba este ejemplar. Debemos recordar que el puma es un habitante natural y necesario en los ecosistemas de nuestra regi\u00f3n, cabiendo desmitificar su car\u00e1cter agresivo para las personas en condiciones normales y no excepcionales. Sin ninguna duda, los riesgos a la salud p\u00fablica derivados de la interacci\u00f3n con fauna silvestre y animales en general, tienen otros agentes que ser\u00edan prioritarios en este sentido, citando por ejemplo las mordeduras de perros, ratas, garrapatas, o diferentes zoonosis como hidatidosis, leptospirosis, toxoplasmosis, triquinosis, entre otras. Todas las potenciales amenazas cuentan con medidas simples de prevenci\u00f3n y control, que debemos conocer y aplicar, siendo lo m\u00e1s importante entender los contextos globales. &nbsp;&nbsp;&nbsp;&nbsp;&nbsp;&nbsp;<\/p>\n","protected":false},"excerpt":{"rendered":"<p>Gracias a una alerta oportuna y al trabajo colaborativo entre el Servicio Agr\u00edcola y Ganadero de Magallanes y de la Municipalidad de San Gregorio, la noche de este lunes un&#8230; <a class=\"read-more\" href=\"https:\/\/www.radiopresidenteibanez.cl\/web\/exitosa-reubicacion-de-puma-tras-operativo-coordinado-en-san-gregorio\/\">Leer m\u00e1s<\/a><\/p>\n","protected":false},"author":2,"featured_media":53019,"comment_status":"closed","ping_status":"closed","sticky":false,"template":"","format":"standard","meta":{"footnotes":""},"categories":[1],"tags":[],"class_list":["post-53018","post","type-post","status-publish","format-standard","has-post-thumbnail","hentry","category-cronica"],"_links":{"self":[{"href":"https:\/\/www.radiopresidenteibanez.cl\/web\/wp-json\/wp\/v2\/posts\/53018","targetHints":{"allow":["GET"]}}],"collection":[{"href":"https:\/\/www.radiopresidenteibanez.cl\/web\/wp-json\/wp\/v2\/posts"}],"about":[{"href":"https:\/\/www.radiopresidenteibanez.cl\/web\/wp-json\/wp\/v2\/types\/post"}],"author":[{"embeddable":true,"href":"https:\/\/www.radiopresidenteibanez.cl\/web\/wp-json\/wp\/v2\/users\/2"}],"replies":[{"embeddable":true,"href":"https:\/\/www.radiopresidenteibanez.cl\/web\/wp-json\/wp\/v2\/comments?post=53018"}],"version-history":[{"count":0,"href":"https:\/\/www.radiopresidenteibanez.cl\/web\/wp-json\/wp\/v2\/posts\/53018\/revisions"}],"wp:featuredmedia":[{"embeddable":true,"href":"https:\/\/www.radiopresidenteibanez.cl\/web\/wp-json\/wp\/v2\/media\/53019"}],"wp:attachment":[{"href":"https:\/\/www.radiopresidenteibanez.cl\/web\/wp-json\/wp\/v2\/media?parent=53018"}],"wp:term":[{"taxonomy":"category","embeddable":true,"href":"https:\/\/www.radiopresidenteibanez.cl\/web\/wp-json\/wp\/v2\/categories?post=53018"},{"taxonomy":"post_tag","embeddable":true,"href":"https:\/\/www.radiopresidenteibanez.cl\/web\/wp-json\/wp\/v2\/tags?post=53018"}],"curies":[{"name":"wp","href":"https:\/\/api.w.org\/{rel}","templated":true}]}}