{"id":53002,"date":"2024-12-13T11:33:31","date_gmt":"2024-12-13T14:33:31","guid":{"rendered":"https:\/\/www.radiopresidenteibanez.cl\/web\/?p=53002"},"modified":"2024-12-13T11:33:37","modified_gmt":"2024-12-13T14:33:37","slug":"municipalidad-de-rio-verde-promueve-la-tenencia-responsable-con-exitoso-operativo-de-esterilizacion-canina-y-felina","status":"publish","type":"post","link":"https:\/\/www.radiopresidenteibanez.cl\/web\/municipalidad-de-rio-verde-promueve-la-tenencia-responsable-con-exitoso-operativo-de-esterilizacion-canina-y-felina\/","title":{"rendered":"Municipalidad de R\u00edo Verde promueve la tenencia responsable con exitoso operativo de esterilizacion canina y felina"},"content":{"rendered":"\n<p>La Comuna de R\u00edo Verde se suma a la promoci\u00f3n de la Tenencia Responsable de<br>Mascotas gracias al exitoso Operativo de Esterilizaci\u00f3n Canina y Felina, iniciativa<br>ejecutada por la Ilustre Municipalidad de R\u00edo Verde y financiada por la<br>Subsecretar\u00eda de Desarrollo Regional y Administrativo (Subdere), a trav\u00e9s de su<br>programa Tenencia Responsable, el cual esteriliz\u00f3 a m\u00e1s de 70 mascotas de la<br>Comuna.<br>Al respecto, la alcaldesa de la Comuna de R\u00edo Verde, Tatiana V\u00e1squez Barrientos,<br>se\u00f1al\u00f3 \u201cestamos muy satisfechos con el resultado del operativo. La tenencia<br>responsable de mascotas es un tema fundamental para nuestra comuna, y<br>estamos comprometidos con la protecci\u00f3n y el bienestar de las mascotas.<br>Queremos agradecer a todos los participantes y colaboradores del operativo, y<br>nos comprometemos a seguir trabajando en la promoci\u00f3n de la tenencia<br>responsable de mascotas en la comuna\u00bb.<br>El operativo, que cont\u00f3 con la participaci\u00f3n activa de la comunidad, buscaba<br>promover la tenencia responsable de mascotas y controlar la poblaci\u00f3n de caninos<br>y felinos. La iniciativa tambi\u00e9n cont\u00f3 con el apoyo de un equipo de veterinarios y<br>t\u00e9cnicos especializados, que se desplegaron por las estancias de R\u00edo Verde.<br>\u201cComo municipio seguiremos trabajando en acciones para garantizar el cuidado y<br>la calidad de vida de la comunidad y sus mascotas. El compromiso es seguir<br>colaborando con los vecinos para cumplir con la Ley de Tenencia Responsable,<br>m\u00e1s conocida como Ley Cholito. Agregar que ante cualquier emergencia o<br>solicitud a los operativos que estaremos desarrollando, favor comunicarse con la<br>M\u00e9dico Veterinaria, Marly Caro\u201d, finaliz\u00f3 la alcaldesa de R\u00edo Verde.<\/p>\n\n\n\n<p>Por su parte, la Jefa(S) Unidad Regional Subdere, Claudia Noceti, coment\u00f3 \u201cpara<br>esta Subsecretar\u00eda es importante poder llegar con recursos a todas las comunas<br>donde exista la necesidad, este es el caso con el Programa de Tenencia<br>Responsable de Mascotas y el proyecto de Esterilizaci\u00f3n que se est\u00e1 llevando a<br>cabo en la Comuna de Rio Verde. Es muy valorable e importante poder reconocer<br>que se trata de una comuna mayoritariamente ganadera, donde el perro no<br>cumple una funci\u00f3n de compa\u00f1\u00eda solamente, sino tambi\u00e9n es una herramienta de<br>trabajo, por lo que poder mejorar la calidad de vida de ellos es de gran importancia<br>y esto se consigue con programas como este. Esperamos seguir apoyando no<br>s\u00f3lo a R\u00edo Verde sino a las dem\u00e1s comunas que lo requieran.\u201d<br>La Municipalidad de R\u00edo Verde agradece a todos los participantes y colaboradores<br>del operativo, y se compromete a seguir trabajando en la promoci\u00f3n de la tenencia<br>responsable de mascotas en la comuna.<\/p>\n","protected":false},"excerpt":{"rendered":"<p>La Comuna de R\u00edo Verde se suma a la promoci\u00f3n de la Tenencia Responsable deMascotas gracias al exitoso Operativo de Esterilizaci\u00f3n Canina y Felina, iniciativaejecutada por la Ilustre Municipalidad de&#8230; <a class=\"read-more\" href=\"https:\/\/www.radiopresidenteibanez.cl\/web\/municipalidad-de-rio-verde-promueve-la-tenencia-responsable-con-exitoso-operativo-de-esterilizacion-canina-y-felina\/\">Leer m\u00e1s<\/a><\/p>\n","protected":false},"author":2,"featured_media":53003,"comment_status":"closed","ping_status":"closed","sticky":false,"template":"","format":"standard","meta":{"footnotes":""},"categories":[1],"tags":[],"class_list":["post-53002","post","type-post","status-publish","format-standard","has-post-thumbnail","hentry","category-cronica"],"_links":{"self":[{"href":"https:\/\/www.radiopresidenteibanez.cl\/web\/wp-json\/wp\/v2\/posts\/53002","targetHints":{"allow":["GET"]}}],"collection":[{"href":"https:\/\/www.radiopresidenteibanez.cl\/web\/wp-json\/wp\/v2\/posts"}],"about":[{"href":"https:\/\/www.radiopresidenteibanez.cl\/web\/wp-json\/wp\/v2\/types\/post"}],"author":[{"embeddable":true,"href":"https:\/\/www.radiopresidenteibanez.cl\/web\/wp-json\/wp\/v2\/users\/2"}],"replies":[{"embeddable":true,"href":"https:\/\/www.radiopresidenteibanez.cl\/web\/wp-json\/wp\/v2\/comments?post=53002"}],"version-history":[{"count":0,"href":"https:\/\/www.radiopresidenteibanez.cl\/web\/wp-json\/wp\/v2\/posts\/53002\/revisions"}],"wp:featuredmedia":[{"embeddable":true,"href":"https:\/\/www.radiopresidenteibanez.cl\/web\/wp-json\/wp\/v2\/media\/53003"}],"wp:attachment":[{"href":"https:\/\/www.radiopresidenteibanez.cl\/web\/wp-json\/wp\/v2\/media?parent=53002"}],"wp:term":[{"taxonomy":"category","embeddable":true,"href":"https:\/\/www.radiopresidenteibanez.cl\/web\/wp-json\/wp\/v2\/categories?post=53002"},{"taxonomy":"post_tag","embeddable":true,"href":"https:\/\/www.radiopresidenteibanez.cl\/web\/wp-json\/wp\/v2\/tags?post=53002"}],"curies":[{"name":"wp","href":"https:\/\/api.w.org\/{rel}","templated":true}]}}