{"id":53,"date":"2018-12-24T21:40:47","date_gmt":"2018-12-24T21:40:47","guid":{"rendered":"http:\/\/www.radiopresidenteibanez.cl\/web\/?p=53"},"modified":"2018-12-24T21:40:49","modified_gmt":"2018-12-24T21:40:49","slug":"4-mil-ninos-de-punta-arenas-recibieron-sus-regalos-en-navidad-municipal","status":"publish","type":"post","link":"https:\/\/www.radiopresidenteibanez.cl\/web\/4-mil-ninos-de-punta-arenas-recibieron-sus-regalos-en-navidad-municipal\/","title":{"rendered":"4 MIL NI\u00d1OS DE PUNTA ARENAS RECIBIERON SUS REGALOS EN NAVIDAD MUNICIPAL"},"content":{"rendered":"\n<p>\nCon gran alegr\u00eda, 4 \nmil ni\u00f1as y ni\u00f1os de Punta Arenas, recibieron sus regalos de navidad, en\n el marco de la celebraci\u00f3n realizada por la Municipalidad de Punta \nArenas, y que beneficia a los m\u00e1s peque\u00f1os de entre cero y ocho a\u00f1os de \nedad, en un trabajo conjunto que se realiza con las juntas de vecinos de\n la comuna. \n<br>\u201cLo que estamos buscando es que estas festividades sean una fiesta \npara la familia, donde venga el pap\u00e1, la mam\u00e1, la abuelita, que tengamos\n un show y que un tema importante sean los regalos, pero que no \nsolamente sea buscar regalos, sino que puedan compartir\u201d, afirm\u00f3 el \nalcalde de Punta Arenas, Claudio Radonich, lamentando que el clima \nhubiera afectado la celebraci\u00f3n que, inicialmente, se pensaba realizar \nal aire libre, en el Parque Mar\u00eda Behety.\n<br>Los asistentes destacaron la iniciativa, que permite a muchas \nfamilias de escasos recursos, acceder a un presente de navidad para sus \nhijos.\n<br>\u201cAgradecida, lo encuentro bonito, porque no todos los ni\u00f1os tienen \nlas facilidades para comprar un regalo, as\u00ed que lo encuentro muy bueno\u201d,\n afirm\u00f3 Nina Alvarado, quien fue a buscar el regalo para su nieta de 1 \na\u00f1o y 9 meses.\n<br>Por su parte, Soledad Ruiz, indic\u00f3 que: \u201cme parece muy bueno, muy \nbuena idea, porque igual hay ni\u00f1os que a los pap\u00e1s les va a costar \ndarles un regalo, as\u00ed que una buena iniciativa. Felicito al alcalde y a \ntodos los que est\u00e1n trabajando por esto\u201d. \n<br>La actividad se realiz\u00f3 en el Liceo Luis Alberto Barrera, de Punta Arenas.                     \n\n<\/p>\n","protected":false},"excerpt":{"rendered":"<p>Con gran alegr\u00eda, 4 mil ni\u00f1as y ni\u00f1os de Punta Arenas, recibieron sus regalos de navidad, en el marco de la celebraci\u00f3n realizada por la Municipalidad de Punta Arenas, y&#8230; <a class=\"read-more\" href=\"https:\/\/www.radiopresidenteibanez.cl\/web\/4-mil-ninos-de-punta-arenas-recibieron-sus-regalos-en-navidad-municipal\/\">Leer m\u00e1s<\/a><\/p>\n","protected":false},"author":1,"featured_media":54,"comment_status":"closed","ping_status":"closed","sticky":false,"template":"","format":"standard","meta":{"footnotes":""},"categories":[1],"tags":[13,12,28,27,29,11],"class_list":["post-53","post","type-post","status-publish","format-standard","has-post-thumbnail","hentry","category-cronica","tag-chile","tag-magallanes","tag-municipalidad","tag-navidad-2018","tag-ninos","tag-punta-arenas"],"_links":{"self":[{"href":"https:\/\/www.radiopresidenteibanez.cl\/web\/wp-json\/wp\/v2\/posts\/53","targetHints":{"allow":["GET"]}}],"collection":[{"href":"https:\/\/www.radiopresidenteibanez.cl\/web\/wp-json\/wp\/v2\/posts"}],"about":[{"href":"https:\/\/www.radiopresidenteibanez.cl\/web\/wp-json\/wp\/v2\/types\/post"}],"author":[{"embeddable":true,"href":"https:\/\/www.radiopresidenteibanez.cl\/web\/wp-json\/wp\/v2\/users\/1"}],"replies":[{"embeddable":true,"href":"https:\/\/www.radiopresidenteibanez.cl\/web\/wp-json\/wp\/v2\/comments?post=53"}],"version-history":[{"count":0,"href":"https:\/\/www.radiopresidenteibanez.cl\/web\/wp-json\/wp\/v2\/posts\/53\/revisions"}],"wp:featuredmedia":[{"embeddable":true,"href":"https:\/\/www.radiopresidenteibanez.cl\/web\/wp-json\/wp\/v2\/media\/54"}],"wp:attachment":[{"href":"https:\/\/www.radiopresidenteibanez.cl\/web\/wp-json\/wp\/v2\/media?parent=53"}],"wp:term":[{"taxonomy":"category","embeddable":true,"href":"https:\/\/www.radiopresidenteibanez.cl\/web\/wp-json\/wp\/v2\/categories?post=53"},{"taxonomy":"post_tag","embeddable":true,"href":"https:\/\/www.radiopresidenteibanez.cl\/web\/wp-json\/wp\/v2\/tags?post=53"}],"curies":[{"name":"wp","href":"https:\/\/api.w.org\/{rel}","templated":true}]}}