{"id":52999,"date":"2024-12-13T09:03:00","date_gmt":"2024-12-13T12:03:00","guid":{"rendered":"https:\/\/www.radiopresidenteibanez.cl\/web\/?p=52999"},"modified":"2024-12-13T08:50:50","modified_gmt":"2024-12-13T11:50:50","slug":"boletin-informativo-matinal-orbe-17","status":"publish","type":"post","link":"https:\/\/www.radiopresidenteibanez.cl\/web\/boletin-informativo-matinal-orbe-17\/","title":{"rendered":"Boletin Informativo Matinal ORBE"},"content":{"rendered":"\n<p>SANTIAGO.- La encuesta Black &amp; White, publicada este viernes,<br>profundiz\u00f3 en el debate que volvi\u00f3 a reflotar esta semana, en<br>torno al proyecto minero Dominga, en la Regi\u00f3n de Coquimbo.<br>Esto, luego que el Tribunal Ambiental de Antofagasta dejara<br>sin efecto la determinaci\u00f3n desfavorable que hab\u00eda tomado, en<br>enero de 2023, el Comit\u00e9 de Ministros, integrado por las<br>carteras de Medio Ambiente, Salud, Energ\u00eda, Miner\u00eda, Econom\u00eda<br>y Agricultura.<\/p>\n\n\n\n<p>SANTIAGO.- Mientras tanto, en laen la ciudadan\u00eda tambi\u00e9n<br>existe una sensaci\u00f3n de cansancio sobre el proyecto. De<br>acuerdo a Black &amp; White, un 78 por ciento de los consultados<br>considera excesivo los 11 a\u00f1os de su tramitaci\u00f3n, y se piensa<br>que su aprobaci\u00f3n no debiera pasar por una instancia pol\u00edtica<br>-como el Comit\u00e9 de Ministros-, sino que s\u00f3lo responder a una<br>evaluaci\u00f3n t\u00e9cnica.<\/p>\n\n\n\n<p>SANTIAGO.- La encuesta muestra que la mayor\u00eda, 91 por ciento,<br>escuch\u00f3 hablar del proyecto, por lo que existe un alto nivel<br>de conocimiento en torno a la iniciativa. En tanto, la<br>mayor\u00eda 78 por ciento, siente desconfianza en la forma en<br>c\u00f3mo se est\u00e1 evaluando el proyecto minero.<br>En tanto, la mayor\u00eda relativa, 46 por ciento, considera que<br>el proyecto no debiera realizarse. Por \u00faltimo, la mayor\u00eda,<br>63 por ciento, considera que se debe priorizar el cuidado y<br>la protecci\u00f3n del medioambiente.<\/p>\n\n\n\n<p>SANTIAGO.- Detectives de la Brigada de Investigaci\u00f3n<br>Criminal, Bicrim, de Maip\u00fa lograron la detenci\u00f3n de tres<br>delincuentes involucrados en un robo con violencia, conocido<br>como modalidad \u00ababordazo\u00bb. El hecho ocurri\u00f3 cuando las<br>v\u00edctimas -padre e hija-fueron sorprendidos mientras se<br>trasladaban en su veh\u00edculo particular.<\/p>\n\n\n\n<p>SANTIAGO.- ras el il\u00edcito, el padre realiz\u00f3 la denuncia en un<br>cuartel PDI local y se inici\u00f3 una pesquisa mediante el GPS de<br>la camioneta, la que fue ubicada en Pajaritos con Ricardo<br>Ayala, hasta donde se traslad\u00f3 el personal policial en<br>b\u00fasqueda de la banda y el veh\u00edculo robado. Por eso, los<br>detectives lograron localizar el autom\u00f3vil dentro de la misma<br>comuna de Mip\u00fa.<\/p>\n\n\n\n<p>SANTIAGO.- En esa instancia, los antisociales se dieron a la<br>fuga,La que termin\u00f3 cuando el veh\u00edculo colision\u00f3 y qued\u00f3<br>atrapado entre un poste de sem\u00e1foro y un muro. En la<br>instancia los delincuentes fueron aprehendidos fuero, dos de<br>ellos de 17 a\u00f1os y el otro 19, todos con antecedentes<br>penales.<\/p>\n\n\n\n<p>SANTIAGO.- Pese a la molestia por el aumento de los precios y<br>la incertidumbre de la local\u00eda durante el cierre del Estadio<br>Nacional por el Mundial sub 20, Universidad de Chile inform\u00f3<br>que se agotaron los abonos de galer\u00eda Norte y Sur para la<br>venidera temporada 2025. Los sectores m\u00e1s baratos vendieron<br>todos sus cupos. Adem\u00e1s, la U comunic\u00f3 que quedan \u00ablos<br>\u00faltimos abonos en Andes, Puerta 10, Fuera Marquesina y Bajo<br>Marquesina\u00bb.<\/p>\n","protected":false},"excerpt":{"rendered":"<p>SANTIAGO.- La encuesta Black &amp; White, publicada este viernes,profundiz\u00f3 en el debate que volvi\u00f3 a reflotar esta semana, entorno al proyecto minero Dominga, en la Regi\u00f3n de Coquimbo.Esto, luego que&#8230; <a class=\"read-more\" href=\"https:\/\/www.radiopresidenteibanez.cl\/web\/boletin-informativo-matinal-orbe-17\/\">Leer m\u00e1s<\/a><\/p>\n","protected":false},"author":2,"featured_media":53000,"comment_status":"closed","ping_status":"closed","sticky":false,"template":"","format":"standard","meta":{"footnotes":""},"categories":[1],"tags":[],"class_list":["post-52999","post","type-post","status-publish","format-standard","has-post-thumbnail","hentry","category-cronica"],"_links":{"self":[{"href":"https:\/\/www.radiopresidenteibanez.cl\/web\/wp-json\/wp\/v2\/posts\/52999","targetHints":{"allow":["GET"]}}],"collection":[{"href":"https:\/\/www.radiopresidenteibanez.cl\/web\/wp-json\/wp\/v2\/posts"}],"about":[{"href":"https:\/\/www.radiopresidenteibanez.cl\/web\/wp-json\/wp\/v2\/types\/post"}],"author":[{"embeddable":true,"href":"https:\/\/www.radiopresidenteibanez.cl\/web\/wp-json\/wp\/v2\/users\/2"}],"replies":[{"embeddable":true,"href":"https:\/\/www.radiopresidenteibanez.cl\/web\/wp-json\/wp\/v2\/comments?post=52999"}],"version-history":[{"count":0,"href":"https:\/\/www.radiopresidenteibanez.cl\/web\/wp-json\/wp\/v2\/posts\/52999\/revisions"}],"wp:featuredmedia":[{"embeddable":true,"href":"https:\/\/www.radiopresidenteibanez.cl\/web\/wp-json\/wp\/v2\/media\/53000"}],"wp:attachment":[{"href":"https:\/\/www.radiopresidenteibanez.cl\/web\/wp-json\/wp\/v2\/media?parent=52999"}],"wp:term":[{"taxonomy":"category","embeddable":true,"href":"https:\/\/www.radiopresidenteibanez.cl\/web\/wp-json\/wp\/v2\/categories?post=52999"},{"taxonomy":"post_tag","embeddable":true,"href":"https:\/\/www.radiopresidenteibanez.cl\/web\/wp-json\/wp\/v2\/tags?post=52999"}],"curies":[{"name":"wp","href":"https:\/\/api.w.org\/{rel}","templated":true}]}}