{"id":52993,"date":"2024-12-13T09:53:00","date_gmt":"2024-12-13T12:53:00","guid":{"rendered":"https:\/\/www.radiopresidenteibanez.cl\/web\/?p=52993"},"modified":"2024-12-13T08:21:52","modified_gmt":"2024-12-13T11:21:52","slug":"presidente-de-sonapesca-sobre-proyecto-de-fraccionamiento-resulta-extremadamente-preocupante-que-el-gobierno-impulse-leyes-con-un-impacto-directo-en-el-empleo","status":"publish","type":"post","link":"https:\/\/www.radiopresidenteibanez.cl\/web\/presidente-de-sonapesca-sobre-proyecto-de-fraccionamiento-resulta-extremadamente-preocupante-que-el-gobierno-impulse-leyes-con-un-impacto-directo-en-el-empleo\/","title":{"rendered":"Presidente de Sonapesca sobre proyecto de Fraccionamiento: \u00abResulta extremadamente preocupante que el gobierno impulse leyes con un impacto directo en el empleo\u00bb"},"content":{"rendered":"\n<p>Este mi\u00e9rcoles, en el <strong>Sindicato de Estibadores<\/strong>, representantes de la Sociedad Nacional de Pesca (Sonapesca); de la Confederaci\u00f3n de la Producci\u00f3n y del Comercio (CPC); junto a <strong>transportistas y trabajadores portuarios <\/strong>analizaron los efectos directosdel proyecto de <strong>Ley de Fraccionamiento.<\/strong><\/p>\n\n\n\n<p><a><\/a>La iniciativa, que actualmente se discute en el Senado y tendr\u00e1 discusi\u00f3n inmediata en enero,seg\u00fan confirm\u00f3 el subsecretario de Pesca, Julio Salas,<strong> propone redistribuir la cuota pesquera actual en favor de la pesca artesanal<\/strong><\/p>\n\n\n\n<p><em>\u00ab<strong>Resulta extremadamente preocupante que el gobierno impulse leyes con un impacto directo en el empleo. <\/strong>Si este proyecto avanza en los t\u00e9rminos actuales,<strong> las consecuencias ser\u00e1n inmediatas<\/strong> para quienes dependen de esta actividad. Contradice el principio de que \u00abla pesca sea para el que pesque\u00bb, ya que habr\u00e1 <strong>pescado sin capturar, <\/strong>lo que implica menos actividad econ\u00f3mica. Adem\u00e1s, <strong>existe el riesgo de trasladar pesca desde esta regi\u00f3n hacia otras zonas<\/strong>, lo cual es un aspecto que debe corregirse porque provocar\u00e1 perjuicios a la gente de Magallanes\u00bb, <\/em>afirm\u00f3 el presidente deSonapesca, Felipe Sandoval.<\/p>\n\n\n\n<p><a><\/a>En la misma l\u00ednea, Salvador Harambour, presidente regional de la <strong>CPC<\/strong>, puntualiz\u00f3 que <em>\u201c<strong>habr\u00e1 menos barcos pesqueros, menos desembarques, menos transportes y menos abastecimientos de naves<\/strong>. Esto afecta a toda una cadena. Actualmente, hay seis o siete barcos pesqueros recalando en el puerto, pero con esta ley, dos o tres de ellos dejar\u00e1n de operar. Tambi\u00e9n <strong>afecta el transporte, la cadena log\u00edstica y el abastecimiento en general. <\/strong>No estamos hablando solo de afectar a unos cuantos activadores, sino que el impacto es mucho mayor, <strong>afectando a toda la regi\u00f3n. Es crucial visibilizar esta situaci\u00f3n<\/strong>\u201d.<\/em><\/p>\n\n\n\n<p>Por su parte, Enzo Olave, Presidente del Sindicato Portuarios Unidos Punta Arenas, coment\u00f3 que \u201c<strong><em>como trabajadores de la regi\u00f3n, esto afecta a muchas personas<\/em><\/strong><em>, incluyendo al sector portuario, al \u00e1rea de transporte, lo cual ya se ha dado a conocer. Las empresas de servicios tambi\u00e9n se ver\u00edan impactadas\u201d.<\/em><\/p>\n\n\n\n<p><em>\u201cVamos a tener menos trabajo, <strong>habr\u00e1 menos actividad en el puerto y eso afecta a los negocios,<\/strong> incluso a la se\u00f1ora Juanita que vende el pan. <strong>Por eso nos estamos uniendo, para ser escuchados por el Gobierno central, y ojal\u00e1 podamos llegar a un buen acuerdo<\/strong>\u201d, <\/em>puntualiz\u00f3Roberto Delgado, representante del transporte portuario.<a><\/a><a><\/a><a><\/a><\/p>\n","protected":false},"excerpt":{"rendered":"<p>Este mi\u00e9rcoles, en el Sindicato de Estibadores, representantes de la Sociedad Nacional de Pesca (Sonapesca); de la Confederaci\u00f3n de la Producci\u00f3n y del Comercio (CPC); junto a transportistas y trabajadores&#8230; <a class=\"read-more\" href=\"https:\/\/www.radiopresidenteibanez.cl\/web\/presidente-de-sonapesca-sobre-proyecto-de-fraccionamiento-resulta-extremadamente-preocupante-que-el-gobierno-impulse-leyes-con-un-impacto-directo-en-el-empleo\/\">Leer m\u00e1s<\/a><\/p>\n","protected":false},"author":2,"featured_media":52994,"comment_status":"closed","ping_status":"closed","sticky":false,"template":"","format":"standard","meta":{"footnotes":""},"categories":[1],"tags":[],"class_list":["post-52993","post","type-post","status-publish","format-standard","has-post-thumbnail","hentry","category-cronica"],"_links":{"self":[{"href":"https:\/\/www.radiopresidenteibanez.cl\/web\/wp-json\/wp\/v2\/posts\/52993","targetHints":{"allow":["GET"]}}],"collection":[{"href":"https:\/\/www.radiopresidenteibanez.cl\/web\/wp-json\/wp\/v2\/posts"}],"about":[{"href":"https:\/\/www.radiopresidenteibanez.cl\/web\/wp-json\/wp\/v2\/types\/post"}],"author":[{"embeddable":true,"href":"https:\/\/www.radiopresidenteibanez.cl\/web\/wp-json\/wp\/v2\/users\/2"}],"replies":[{"embeddable":true,"href":"https:\/\/www.radiopresidenteibanez.cl\/web\/wp-json\/wp\/v2\/comments?post=52993"}],"version-history":[{"count":0,"href":"https:\/\/www.radiopresidenteibanez.cl\/web\/wp-json\/wp\/v2\/posts\/52993\/revisions"}],"wp:featuredmedia":[{"embeddable":true,"href":"https:\/\/www.radiopresidenteibanez.cl\/web\/wp-json\/wp\/v2\/media\/52994"}],"wp:attachment":[{"href":"https:\/\/www.radiopresidenteibanez.cl\/web\/wp-json\/wp\/v2\/media?parent=52993"}],"wp:term":[{"taxonomy":"category","embeddable":true,"href":"https:\/\/www.radiopresidenteibanez.cl\/web\/wp-json\/wp\/v2\/categories?post=52993"},{"taxonomy":"post_tag","embeddable":true,"href":"https:\/\/www.radiopresidenteibanez.cl\/web\/wp-json\/wp\/v2\/tags?post=52993"}],"curies":[{"name":"wp","href":"https:\/\/api.w.org\/{rel}","templated":true}]}}