{"id":52982,"date":"2024-12-12T18:23:00","date_gmt":"2024-12-12T21:23:00","guid":{"rendered":"https:\/\/www.radiopresidenteibanez.cl\/web\/?p=52982"},"modified":"2024-12-12T11:45:55","modified_gmt":"2024-12-12T14:45:55","slug":"intervencion-artistica-y-recreativa-en-el-barrio-alfredo-lorca","status":"publish","type":"post","link":"https:\/\/www.radiopresidenteibanez.cl\/web\/intervencion-artistica-y-recreativa-en-el-barrio-alfredo-lorca\/","title":{"rendered":"Intervenci\u00f3n art\u00edstica y recreativa en el barrio Alfredo Lorca"},"content":{"rendered":"\n<p>Teatro, m\u00fasica, artes visuales, juegos inflables, pintacaritas y reparto de golosinas, considera la Intervenci\u00f3n Art\u00edstica y Recreativa, que se desarrollar\u00e1 este s\u00e1bado 14 de diciembre, desde las 16.00 horas, en el barrio Alfredo Lorca de Punta Arenas.<\/p>\n\n\n\n<p>Esta actividad, destinada a vecinas y vecinos, especialmente a ni\u00f1as, ni\u00f1os y j\u00f3venes del sector, forma parte de la iniciativa \u201cRecuperaci\u00f3n del espacio p\u00fablico\u201d, que impulsan de manera conjunta la Coordinaci\u00f3n Regional de Seguridad P\u00fablica, la municipalidad de Punta Arenas y la seremi de las Culturas, las Artes y el Patrimonio.<\/p>\n\n\n\n<p>\u201cEsta es una actividad que surge desde los propios vecinos y nosotros la estamos apoyando. Hemos estado trabajando durante el presente a\u00f1o en el reencuentro de la vida en comunidad, propiciando espacios m\u00e1s seguros y de mejor convivencia. Queremos fortalecer los lazos que unen e identifican a los barrios. Esta intervenci\u00f3n pone fin a un muy buen a\u00f1o de acciones que hemos implementado en el sector\u201d, dijo la seremi de las Culturas, Carolina Herrera Toro.<\/p>\n\n\n\n<p>El evento se tomar\u00e1 el espacio p\u00fablico. Se realizar\u00e1 en avenida Circunvalaci\u00f3n e incluir\u00e1 la participaci\u00f3n de los elencos de teatro El Chuzo, La Ventisca, La Kalle y Clap, m\u00e1s las aminaciones de T\u00eda Isabel (pintacaritas, globoflexia, tatuajes, corp\u00f3reos y viejo pascuero). Adem\u00e1s, se efectuar\u00e1 un mural m\u00f3vil interactivo y colectivo titulado \u201cLorca y sus matices\u201d; un taller itinerante de creaci\u00f3n manual y literaria, la presentaci\u00f3n de la escuela de batucada Timbalada Do Sur, juegos inflables y reparto de golosinas.<\/p>\n\n\n\n<p>Producto de esta intervenci\u00f3n art\u00edstica y recreativa se generar\u00e1n cortes parciales de calles. Estos se concretar\u00e1n entre las 14.00 y 20.00 horas, en el per\u00edmetro que comprende avenida Circunvalaci\u00f3n, por ambas calzadas, desde Capit\u00e1n Guillermos hasta el pasaje Beagle. Se agradece la comprensi\u00f3n de automovilistas y de conductores de la locomoci\u00f3n colectiva, y se solicita tomar las correspondientes precauciones.<\/p>\n\n\n\n<p>En esta acci\u00f3n, de acceso abierto a toda la comunidad, colaboran el Instituto Nacional del Deporte y la Junta de Vecinos de la poblaci\u00f3n Alfredro Lorca.<\/p>\n","protected":false},"excerpt":{"rendered":"<p>Teatro, m\u00fasica, artes visuales, juegos inflables, pintacaritas y reparto de golosinas, considera la Intervenci\u00f3n Art\u00edstica y Recreativa, que se desarrollar\u00e1 este s\u00e1bado 14 de diciembre, desde las 16.00 horas, en&#8230; <a class=\"read-more\" href=\"https:\/\/www.radiopresidenteibanez.cl\/web\/intervencion-artistica-y-recreativa-en-el-barrio-alfredo-lorca\/\">Leer m\u00e1s<\/a><\/p>\n","protected":false},"author":2,"featured_media":52983,"comment_status":"closed","ping_status":"closed","sticky":false,"template":"","format":"standard","meta":{"footnotes":""},"categories":[1],"tags":[],"class_list":["post-52982","post","type-post","status-publish","format-standard","has-post-thumbnail","hentry","category-cronica"],"_links":{"self":[{"href":"https:\/\/www.radiopresidenteibanez.cl\/web\/wp-json\/wp\/v2\/posts\/52982","targetHints":{"allow":["GET"]}}],"collection":[{"href":"https:\/\/www.radiopresidenteibanez.cl\/web\/wp-json\/wp\/v2\/posts"}],"about":[{"href":"https:\/\/www.radiopresidenteibanez.cl\/web\/wp-json\/wp\/v2\/types\/post"}],"author":[{"embeddable":true,"href":"https:\/\/www.radiopresidenteibanez.cl\/web\/wp-json\/wp\/v2\/users\/2"}],"replies":[{"embeddable":true,"href":"https:\/\/www.radiopresidenteibanez.cl\/web\/wp-json\/wp\/v2\/comments?post=52982"}],"version-history":[{"count":0,"href":"https:\/\/www.radiopresidenteibanez.cl\/web\/wp-json\/wp\/v2\/posts\/52982\/revisions"}],"wp:featuredmedia":[{"embeddable":true,"href":"https:\/\/www.radiopresidenteibanez.cl\/web\/wp-json\/wp\/v2\/media\/52983"}],"wp:attachment":[{"href":"https:\/\/www.radiopresidenteibanez.cl\/web\/wp-json\/wp\/v2\/media?parent=52982"}],"wp:term":[{"taxonomy":"category","embeddable":true,"href":"https:\/\/www.radiopresidenteibanez.cl\/web\/wp-json\/wp\/v2\/categories?post=52982"},{"taxonomy":"post_tag","embeddable":true,"href":"https:\/\/www.radiopresidenteibanez.cl\/web\/wp-json\/wp\/v2\/tags?post=52982"}],"curies":[{"name":"wp","href":"https:\/\/api.w.org\/{rel}","templated":true}]}}