{"id":5296,"date":"2019-06-22T21:55:05","date_gmt":"2019-06-22T21:55:05","guid":{"rendered":"http:\/\/www.radiopresidenteibanez.cl\/web\/?p=5296"},"modified":"2019-06-22T21:55:49","modified_gmt":"2019-06-22T21:55:49","slug":"comenzara-la-cuarta-semana-de-paro-a-nivel-nacional-de-profesores","status":"publish","type":"post","link":"https:\/\/www.radiopresidenteibanez.cl\/web\/comenzara-la-cuarta-semana-de-paro-a-nivel-nacional-de-profesores\/","title":{"rendered":"COMENZAR\u00c1 LA CUARTA SEMANA DE PARO A NIVEL NACIONAL DE PROFESORES"},"content":{"rendered":"\n<p>Sin tener respuestas favorables a sus demandas, los docentes\ncomienzan su cuarta semana de paralizaci\u00f3n en nuestro pa\u00eds, en la oportunidad las\ny los profesores, con apoyo de la comunidad e incluso alumnos y alumnas se encuentran\nsolicitando la salida de la Ministra de Educaci\u00f3n, Marcela Cubillos.<\/p>\n\n\n\n<p>En la regi\u00f3n de Magallanes, en Puerto Natales se sumaron en su totalidad a la manifestaci\u00f3n mientras que Punta Arenas y Porvenir de manera parcial, tambi\u00e9n acusan docentes y concejales que el Instituto Superior de Comercio (INSUCO), habr\u00eda contratado profesores con fondos SEP lo cual es irregular, as\u00ed sobre la negatividad del alcalde y cormupa para sentarse a conversar con el Colegio de Profesores.<\/p>\n\n\n\n<figure class=\"wp-block-image\"><img loading=\"lazy\" decoding=\"async\" width=\"667\" height=\"400\" src=\"http:\/\/www.radiopresidenteibanez.cl\/web\/wp-content\/uploads\/2019\/05\/7COLEGIO-DE-PROFESORES-RM2-ENRIQUE-VELASQUEZ-667x400.jpg\" alt=\"\" class=\"wp-image-4611\" srcset=\"https:\/\/www.radiopresidenteibanez.cl\/web\/wp-content\/uploads\/2019\/05\/7COLEGIO-DE-PROFESORES-RM2-ENRIQUE-VELASQUEZ-667x400.jpg 667w, https:\/\/www.radiopresidenteibanez.cl\/web\/wp-content\/uploads\/2019\/05\/7COLEGIO-DE-PROFESORES-RM2-ENRIQUE-VELASQUEZ-667x400-300x180.jpg 300w\" sizes=\"auto, (max-width: 667px) 100vw, 667px\" \/><\/figure>\n","protected":false},"excerpt":{"rendered":"<p>Sin tener respuestas favorables a sus demandas, los docentes comienzan su cuarta semana de paralizaci\u00f3n en nuestro pa\u00eds, en la oportunidad las y los profesores, con apoyo de la comunidad&#8230; <a class=\"read-more\" href=\"https:\/\/www.radiopresidenteibanez.cl\/web\/comenzara-la-cuarta-semana-de-paro-a-nivel-nacional-de-profesores\/\">Leer m\u00e1s<\/a><\/p>\n","protected":false},"author":2,"featured_media":4611,"comment_status":"closed","ping_status":"closed","sticky":false,"template":"","format":"standard","meta":{"footnotes":""},"categories":[1],"tags":[],"class_list":["post-5296","post","type-post","status-publish","format-standard","has-post-thumbnail","hentry","category-cronica"],"_links":{"self":[{"href":"https:\/\/www.radiopresidenteibanez.cl\/web\/wp-json\/wp\/v2\/posts\/5296","targetHints":{"allow":["GET"]}}],"collection":[{"href":"https:\/\/www.radiopresidenteibanez.cl\/web\/wp-json\/wp\/v2\/posts"}],"about":[{"href":"https:\/\/www.radiopresidenteibanez.cl\/web\/wp-json\/wp\/v2\/types\/post"}],"author":[{"embeddable":true,"href":"https:\/\/www.radiopresidenteibanez.cl\/web\/wp-json\/wp\/v2\/users\/2"}],"replies":[{"embeddable":true,"href":"https:\/\/www.radiopresidenteibanez.cl\/web\/wp-json\/wp\/v2\/comments?post=5296"}],"version-history":[{"count":0,"href":"https:\/\/www.radiopresidenteibanez.cl\/web\/wp-json\/wp\/v2\/posts\/5296\/revisions"}],"wp:featuredmedia":[{"embeddable":true,"href":"https:\/\/www.radiopresidenteibanez.cl\/web\/wp-json\/wp\/v2\/media\/4611"}],"wp:attachment":[{"href":"https:\/\/www.radiopresidenteibanez.cl\/web\/wp-json\/wp\/v2\/media?parent=5296"}],"wp:term":[{"taxonomy":"category","embeddable":true,"href":"https:\/\/www.radiopresidenteibanez.cl\/web\/wp-json\/wp\/v2\/categories?post=5296"},{"taxonomy":"post_tag","embeddable":true,"href":"https:\/\/www.radiopresidenteibanez.cl\/web\/wp-json\/wp\/v2\/tags?post=5296"}],"curies":[{"name":"wp","href":"https:\/\/api.w.org\/{rel}","templated":true}]}}