{"id":52948,"date":"2024-12-11T14:36:00","date_gmt":"2024-12-11T17:36:00","guid":{"rendered":"https:\/\/www.radiopresidenteibanez.cl\/web\/?p=52948"},"modified":"2024-12-11T11:46:07","modified_gmt":"2024-12-11T14:46:07","slug":"fortalecimiento-de-la-autonomia-economica-de-las-mujeres-nueva-certificacion-en-el-programa-mujeres-jefas-de-hogar-en-magallanes","status":"publish","type":"post","link":"https:\/\/www.radiopresidenteibanez.cl\/web\/fortalecimiento-de-la-autonomia-economica-de-las-mujeres-nueva-certificacion-en-el-programa-mujeres-jefas-de-hogar-en-magallanes\/","title":{"rendered":"Fortalecimiento de la Autonom\u00eda Econ\u00f3mica de las Mujeres: Nueva Certificaci\u00f3n en el Programa Mujeres Jefas de Hogar en Magallanes"},"content":{"rendered":"\n<p>En una emotiva ceremonia realizada en la Delegaci\u00f3n Presidencial Regional de Magallanes, se celebr\u00f3 la certificaci\u00f3n de 30 mujeres que participaron activamente en los talleres de Arte Textil, Fieltro y Serigraf\u00eda, en el marco del Programa Mujeres Jefas de Hogar. Este programa, impulsado por el gobierno a trav\u00e9s de la Delegaci\u00f3n Presidencial y Sernameg, tiene como objetivo promover<br>la autonom\u00eda econ\u00f3mica de las mujeres mediante la capacitaci\u00f3n y el apoyo al emprendimiento.<br>El Delegado Presidencial Regional, Jos\u00e9 Ruiz Pivcevic, destac\u00f3 la importancia de este tipo de iniciativas, que permiten a las mujeres adquirir conocimientos y habilidades que favorecen su independencia econ\u00f3mica.<br>\u00abEste trabajo independiente se ajusta mucho tambi\u00e9n a las pol\u00edticas que hemos impulsado como gobierno en base a esta autonom\u00eda econ\u00f3mica de las mujeres, que se ha visto reflejado, por ejemplo, en pol\u00edticas p\u00fablicas como las pol\u00edticas de cuidado, donde bien sabemos que la mayor\u00eda de los cuidados recaen en mujeres, o la Ley de Responsabilidad Parental y el Pago Efectivo de Pensiones de Alimento. Va en l\u00ednea de las pol\u00edticas que estamos impulsando como gobierno y estamos muy contentos que nuevamente haya tenido un \u00e9xito \u00ab, expres\u00f3 el Delegado.<br>El Programa Mujeres Jefas de Hogar, que es uno de los m\u00e1s emblem\u00e1ticos de Sernameg, y en la regi\u00f3n tiene a 160 mujeres en total, busca fomentar la autonom\u00eda econ\u00f3mica de las jefas de hogar de todo el pa\u00eds. En Punta Arenas, su ejecuci\u00f3n est\u00e1 a cargo de la Delegaci\u00f3n Presidencial Regional, a trav\u00e9s del Departamento de Desarrollo Social y las profesionales P\u00eda Figueroa y Carolina Andrade Huenchur. A trav\u00e9s de este programa, las participantes reciben capacitaci\u00f3n, asesor\u00edas y tienen acceso a plataformas comerciales como ferias, lo que les permite emprender y lograr su independencia econ\u00f3mica.<br>La Seremi de la Mujer, Alejandra Ruiz, destac\u00f3 la colaboraci\u00f3n entre el Ministerio de la Mujer y otros organismos, como en esta oportunidad, la Seremi de las Culturas, las Artes y el Patrimonio. \u00abEste programa hizo una sociedad virtuosa con el Ministerio de las Culturas, las Artes y el Patrimonio, quien apoya esta iniciativa para la capacitaci\u00f3n, por un lado, para acercar las culturas, las artes y el patrimonio a estas mujeres, pero adem\u00e1s les permite tener m\u00e1s conocimiento en esta \u00e1rea que les permita emprender\u00bb, asegur\u00f3 Ruiz.<br>En su intervenci\u00f3n, la Seremi tambi\u00e9n se\u00f1al\u00f3 el trabajo conjunto con el Ministerio del Trabajo para promover reformas legales que aseguren igualdad salarial por trabajo igual. \u00abLas mujeres en nuestra regi\u00f3n y en el pa\u00eds enfrentan la desigualdad salarial, por un lado, tenemos menos sueldo por el mismo trabajo y, por lo tanto, estamos como Ministerio, junto al Ministerio del Trabajo, impulsando reformas legales para que a igual pega, igual paga.\u00bb, agreg\u00f3.<br>Durante la ceremonia, se destac\u00f3 el trabajo del equipo profesional encargado del programa, liderado por P\u00eda Figueroa y Carolina Huenchur. Ambas profesionales mencionaron la importancia de las herramientas laborales que se entregan, que han sido clave para empoderar a las mujeres y fortalecer su perfil independiente. \u00abEn este caso, buscamos que las mujeres no solo aprendan nuevas t\u00e9cnicas, sino que tambi\u00e9n puedan integrar enfoques territoriales, como la fauna y flora de Magallanes, para hacer de sus trabajos algo \u00fanico y con pertinencia local\u00bb, se\u00f1al\u00f3 Carolina Huenchur.<\/p>\n\n\n\n<p>Los talleres que fueron impartidos por las destacadas profesoras, Griselda Bontes Poppovich, Hortensia Fuentes Bastias y profesor Yves Tomas C\u00e1rcamo, no solo se enfocan en el aprendizaje t\u00e9cnico, sino que tambi\u00e9n incluyen una parte pr\u00e1ctica, donde las participantes reciben materiales que les permiten continuar desarrollando sus emprendimientos. \u00abTodo lo que las mujeres crean en los talleres lo pueden llevar consigo yusarlo como base para sus futuros proyectos\u00bb, explic\u00f3 Huenchur.<br>Uno de los momentos m\u00e1s emocionantes de la ceremonia fue cuando dos beneficiarias del programa compartieron sus testimonios, recibiendo una c\u00e1lida ovaci\u00f3n de los asistentes. Mar\u00eda Edith Fuentes Gallardo, quien particip\u00f3 en el taller de fieltro, expres\u00f3 su agradecimiento: \u00abNo ten\u00eda conocimiento previo en fieltro, pero gracias a este programa he aprendido nuevas t\u00e9cnicas que me ayudan en mi emprendimiento, la verdad que me siento s\u00faper agradecida, s\u00faper contenta de esta oportunidad, de haber participado, de haber aprendido nuevas t\u00e9cnicas.\u00bb, coment\u00f3.<br>Otra beneficiaria, Dayra Zambrano, tambi\u00e9n resalt\u00f3 la importancia de estos programas \u00abesto nos dej\u00f3 gran ense\u00f1anza porque si nosotros queremos seguir surgiendo, seguir adelante, tenemos que nosotras mismas seguir aprovechando y buscando oportunidades para poder tener m\u00e1s conocimiento y tener m\u00e1s factibilidad de poder desarrollar lo que hemos aprendido\u00bb, concluy\u00f3.<br>P\u00eda Figueroa, la otra profesional del equipo, coment\u00f3: \u201cLo m\u00e1s gratificante es ver c\u00f3mo estas mujeres transforman lo aprendido en proyectos reales que les permiten crecer y empoderarse. Cada paso que damos junto a ellas es un paso hacia su independencia y desarrollo personal.'\u00bb<br>Este tipo de programas sigue demostrando su impacto positivo en la vida de las mujeres de la regi\u00f3n, brind\u00e1ndoles herramientas para mejorar sus condiciones laborales y fomentar su autonom\u00eda econ\u00f3mica.<\/p>\n\n\n\n<p><\/p>\n","protected":false},"excerpt":{"rendered":"<p>En una emotiva ceremonia realizada en la Delegaci\u00f3n Presidencial Regional de Magallanes, se celebr\u00f3 la certificaci\u00f3n de 30 mujeres que participaron activamente en los talleres de Arte Textil, Fieltro y&#8230; <a class=\"read-more\" href=\"https:\/\/www.radiopresidenteibanez.cl\/web\/fortalecimiento-de-la-autonomia-economica-de-las-mujeres-nueva-certificacion-en-el-programa-mujeres-jefas-de-hogar-en-magallanes\/\">Leer m\u00e1s<\/a><\/p>\n","protected":false},"author":2,"featured_media":52949,"comment_status":"closed","ping_status":"closed","sticky":false,"template":"","format":"standard","meta":{"footnotes":""},"categories":[1],"tags":[],"class_list":["post-52948","post","type-post","status-publish","format-standard","has-post-thumbnail","hentry","category-cronica"],"_links":{"self":[{"href":"https:\/\/www.radiopresidenteibanez.cl\/web\/wp-json\/wp\/v2\/posts\/52948","targetHints":{"allow":["GET"]}}],"collection":[{"href":"https:\/\/www.radiopresidenteibanez.cl\/web\/wp-json\/wp\/v2\/posts"}],"about":[{"href":"https:\/\/www.radiopresidenteibanez.cl\/web\/wp-json\/wp\/v2\/types\/post"}],"author":[{"embeddable":true,"href":"https:\/\/www.radiopresidenteibanez.cl\/web\/wp-json\/wp\/v2\/users\/2"}],"replies":[{"embeddable":true,"href":"https:\/\/www.radiopresidenteibanez.cl\/web\/wp-json\/wp\/v2\/comments?post=52948"}],"version-history":[{"count":0,"href":"https:\/\/www.radiopresidenteibanez.cl\/web\/wp-json\/wp\/v2\/posts\/52948\/revisions"}],"wp:featuredmedia":[{"embeddable":true,"href":"https:\/\/www.radiopresidenteibanez.cl\/web\/wp-json\/wp\/v2\/media\/52949"}],"wp:attachment":[{"href":"https:\/\/www.radiopresidenteibanez.cl\/web\/wp-json\/wp\/v2\/media?parent=52948"}],"wp:term":[{"taxonomy":"category","embeddable":true,"href":"https:\/\/www.radiopresidenteibanez.cl\/web\/wp-json\/wp\/v2\/categories?post=52948"},{"taxonomy":"post_tag","embeddable":true,"href":"https:\/\/www.radiopresidenteibanez.cl\/web\/wp-json\/wp\/v2\/tags?post=52948"}],"curies":[{"name":"wp","href":"https:\/\/api.w.org\/{rel}","templated":true}]}}