{"id":52939,"date":"2024-12-11T10:12:52","date_gmt":"2024-12-11T13:12:52","guid":{"rendered":"https:\/\/www.radiopresidenteibanez.cl\/web\/?p=52939"},"modified":"2024-12-11T10:13:06","modified_gmt":"2024-12-11T13:13:06","slug":"comienza-a-funcionar-anotate-en-la-lista-la-plataforma-del-mineduc-para-que-apoderados-puedan-solicitar-vacantes-en-los-establecimientos","status":"publish","type":"post","link":"https:\/\/www.radiopresidenteibanez.cl\/web\/comienza-a-funcionar-anotate-en-la-lista-la-plataforma-del-mineduc-para-que-apoderados-puedan-solicitar-vacantes-en-los-establecimientos\/","title":{"rendered":"Comienza a funcionar \u201cAn\u00f3tate en la Lista\u201d, la plataforma del Mineduc para que apoderados puedan solicitar vacantes en los establecimientos"},"content":{"rendered":"\n<p>El mi\u00e9rcoles 11 de diciembre comenzar\u00e1 a funcionar \u201cAn\u00f3tate en la Lista, Vacantes 2025\u201d, la nueva plataforma, desarrollada de forma completa por el Ministerio de Educaci\u00f3n, que permitir\u00e1 a las familias solicitar cupos para sus hijos en los establecimientos que a\u00fan tengan vacantes, ahora que terminaron las postulaciones a trav\u00e9s del Sistema de Admisi\u00f3n Escolar (SAE).&nbsp;<\/p>\n\n\n\n<p>Desde ese d\u00eda, las y los apoderados que requieran usar esta herramienta podr\u00e1n crear sus cuentas y agregar a sus estudiantes, y as\u00ed prepararse para enviar las solicitudes de vacantes cuando comience este proceso de regularizaci\u00f3n en su regi\u00f3n, seg\u00fan las fechas correspondientes (ver m\u00e1s abajo).<\/p>\n\n\n\n<p>La regularizaci\u00f3n de matr\u00edculas antiguamente se realizaba de forma presencial, por lo que se formaban largas filas en los establecimientos. Pero ahora, por segundo a\u00f1o consecutivo, este tr\u00e1mite se realizar\u00e1 de forma virtual, permitiendo que las familias ahorren tiempo y puedan pedir cupos en m\u00e1s establecimientos.<\/p>\n\n\n\n<p><strong>Esta nueva herramienta es gratuita y tambi\u00e9n transparente<\/strong>, ya que, al solicitar vacantes en los colegios de inter\u00e9s, el sistema&nbsp;<strong>construir\u00e1 una lista de espera seg\u00fan el orden cronol\u00f3gico de esas solicitudes, tal como ocurrir\u00eda si el tr\u00e1mite fuese presencial<\/strong>, y los apoderados podr\u00e1n saber en qu\u00e9 n\u00famero de la lista est\u00e1n.<\/p>\n\n\n\n<p>Adem\u00e1s, moderniza el sistema de acceso a la educaci\u00f3n, al digitalizar un tr\u00e1mite que era presencial, y beneficia a los establecimientos, que ya no tendr\u00e1n que implementar sus propios sistemas de listas de espera. Igualmente, \u201cAn\u00f3tate en la Lista\u201d permite al Mineduc saber en qu\u00e9 zonas del pa\u00eds hay falta de vacantes y as\u00ed implementar medidas para resolver este problema.<\/p>\n\n\n\n<p><strong>\u00bfC\u00f3mo funciona \u201cAn\u00f3tate en la Lista\u201d?<\/strong><\/p>\n\n\n\n<p>1.&nbsp;&nbsp;&nbsp;&nbsp;&nbsp;&nbsp;Los apoderados deben ingresar al sitio web&nbsp;<a href=\"http:\/\/www.sistemadeadmisionescolar.cl\/\" target=\"_blank\" rel=\"noreferrer noopener\">www.sistemadeadmisionescolar.cl<\/a>, pinchar en el bot\u00f3n \u201cAn\u00f3tate en la Lista\u201d y crearse una cuenta. Luego de eso, y seg\u00fan las fechas indicadas, podr\u00e1n solicitar vacantes en los establecimientos. El Mineduc sugiere marcar seis o m\u00e1s opciones para que el proceso tenga \u00e9xito.<\/p>\n\n\n\n<p>2.&nbsp;&nbsp;&nbsp;&nbsp;&nbsp;&nbsp;Una vez marcadas las opciones, deben confirmar el ingreso de la solicitud y la informaci\u00f3n de contacto. Las familias sabr\u00e1n siempre en qu\u00e9 n\u00famero de la lista se encuentran.<\/p>\n\n\n\n<p>3.&nbsp;&nbsp;&nbsp;&nbsp;&nbsp;&nbsp;Los establecimientos recibir\u00e1n la informaci\u00f3n de las postulaciones y, si tienen vacantes disponibles, las asignar\u00e1n por orden cronol\u00f3gico de solicitud, es decir, partiendo por quienes se inscribieron primero, tal como habr\u00eda ocurrido si el proceso fuese presencial.<\/p>\n\n\n\n<p>4.&nbsp;&nbsp;&nbsp;&nbsp;&nbsp;&nbsp;Por \u00faltimo, los establecimientos educacionales contactar\u00e1n directamente a las familias cuando se les asigne una vacante, para continuar con el tr\u00e1mite de matr\u00edcula.<\/p>\n\n\n\n<p><strong>Fechas de \u201cAn\u00f3tate en la Lista\u201d<\/strong><\/p>\n\n\n\n<p>Hay cinco fechas diferenciadas para que las familias usen la plataforma, dependiendo de la situaci\u00f3n en que se encuentren:<\/p>\n\n\n\n<p>1.&nbsp;&nbsp;&nbsp;&nbsp;&nbsp;&nbsp;Desde el 11 de diciembre 2024: a partir de esta fecha las familias podr\u00e1n crear sus cuentas y validar sus datos, y podr\u00e1n pedir cupos aquellas cuyos estudiantes postularon por el SAE pero repitieron de curso, por lo que necesitan una vacante en un nivel distinto al asignado.<\/p>\n\n\n\n<p>2.&nbsp;&nbsp;&nbsp;&nbsp;&nbsp;&nbsp;Desde el 16 de diciembre 2024: podr\u00e1n usar la plataforma las familias cuyos estudiantes postularon del per\u00edodo complementario del SAE y no fueron asignados a un establecimiento.<\/p>\n\n\n\n<p>3.&nbsp;&nbsp;&nbsp;&nbsp;&nbsp;&nbsp;Desde el 18 de diciembre 2024: podr\u00e1n usar la plataforma todas aquellas familias de la zona norte del pa\u00eds que no participaron del SAE en sus per\u00edodos regular y complementario y necesitan un cupo (regiones de Arica y Parinacota, Tarapac\u00e1, Antofagasta, Atacama, Coquimbo y Valpara\u00edso).<\/p>\n\n\n\n<p>4.&nbsp;&nbsp;&nbsp;&nbsp;&nbsp;&nbsp;Desde el 20 de diciembre 2024: podr\u00e1n usar la plataforma todas aquellas familias de la zona sur del pa\u00eds que no participaron del SAE en sus per\u00edodos regular y complementario y necesitan un cupo (regiones de O\u2019Higgins, Maule, \u00d1uble, Biob\u00edo, La Araucan\u00eda, Los R\u00edos, Los Lagos, Ays\u00e9n y Magallanes).<\/p>\n\n\n\n<p>5.&nbsp;&nbsp;&nbsp;&nbsp;&nbsp;&nbsp;Desde el 26 de diciembre 2024: podr\u00e1n usar la plataforma todas aquellas familias de la Regi\u00f3n Metropolitana que no participaron del SAE en sus per\u00edodos regular y complementario y necesitan un cupo.<\/p>\n\n\n\n<p>\u201cAn\u00f3tate en la Lista\u201d servir\u00e1 para que las familias que lo necesiten busquen cupos durante todo el a\u00f1o escolar 2025, hasta el pr\u00f3ximo proceso del SAE, por lo que se mantendr\u00e1 habilitada durante todo el a\u00f1o.<\/p>\n","protected":false},"excerpt":{"rendered":"<p>El mi\u00e9rcoles 11 de diciembre comenzar\u00e1 a funcionar \u201cAn\u00f3tate en la Lista, Vacantes 2025\u201d, la nueva plataforma, desarrollada de forma completa por el Ministerio de Educaci\u00f3n, que permitir\u00e1 a las&#8230; <a class=\"read-more\" href=\"https:\/\/www.radiopresidenteibanez.cl\/web\/comienza-a-funcionar-anotate-en-la-lista-la-plataforma-del-mineduc-para-que-apoderados-puedan-solicitar-vacantes-en-los-establecimientos\/\">Leer m\u00e1s<\/a><\/p>\n","protected":false},"author":2,"featured_media":52940,"comment_status":"closed","ping_status":"closed","sticky":false,"template":"","format":"standard","meta":{"footnotes":""},"categories":[1],"tags":[],"class_list":["post-52939","post","type-post","status-publish","format-standard","has-post-thumbnail","hentry","category-cronica"],"_links":{"self":[{"href":"https:\/\/www.radiopresidenteibanez.cl\/web\/wp-json\/wp\/v2\/posts\/52939","targetHints":{"allow":["GET"]}}],"collection":[{"href":"https:\/\/www.radiopresidenteibanez.cl\/web\/wp-json\/wp\/v2\/posts"}],"about":[{"href":"https:\/\/www.radiopresidenteibanez.cl\/web\/wp-json\/wp\/v2\/types\/post"}],"author":[{"embeddable":true,"href":"https:\/\/www.radiopresidenteibanez.cl\/web\/wp-json\/wp\/v2\/users\/2"}],"replies":[{"embeddable":true,"href":"https:\/\/www.radiopresidenteibanez.cl\/web\/wp-json\/wp\/v2\/comments?post=52939"}],"version-history":[{"count":0,"href":"https:\/\/www.radiopresidenteibanez.cl\/web\/wp-json\/wp\/v2\/posts\/52939\/revisions"}],"wp:featuredmedia":[{"embeddable":true,"href":"https:\/\/www.radiopresidenteibanez.cl\/web\/wp-json\/wp\/v2\/media\/52940"}],"wp:attachment":[{"href":"https:\/\/www.radiopresidenteibanez.cl\/web\/wp-json\/wp\/v2\/media?parent=52939"}],"wp:term":[{"taxonomy":"category","embeddable":true,"href":"https:\/\/www.radiopresidenteibanez.cl\/web\/wp-json\/wp\/v2\/categories?post=52939"},{"taxonomy":"post_tag","embeddable":true,"href":"https:\/\/www.radiopresidenteibanez.cl\/web\/wp-json\/wp\/v2\/tags?post=52939"}],"curies":[{"name":"wp","href":"https:\/\/api.w.org\/{rel}","templated":true}]}}