{"id":52933,"date":"2024-12-11T08:32:56","date_gmt":"2024-12-11T11:32:56","guid":{"rendered":"https:\/\/www.radiopresidenteibanez.cl\/web\/?p=52933"},"modified":"2024-12-11T08:33:09","modified_gmt":"2024-12-11T11:33:09","slug":"escuela-de-emprendimiento-femenino-despegando-desde-puerto-williams","status":"publish","type":"post","link":"https:\/\/www.radiopresidenteibanez.cl\/web\/escuela-de-emprendimiento-femenino-despegando-desde-puerto-williams\/","title":{"rendered":"Escuela de Emprendimiento Femenino \u201cDespegando desde Puerto Williams\u201d"},"content":{"rendered":"\n<p>En el marco de un convenio firmado entre SernamEG Magallanes y Hub Fpyme<br>Magallanes, los d\u00edas 28 y 29 de noviembre pasado, se realiz\u00f3 la Escuela de Emprendimiento<br>Femenino mas austral del Mundo \u201cDespegando desde Puerto Williams\u201d en dependencias del<br>Centro Subant\u00e1rtico, donde 17 mujeres emprendedoras, pudieron trabajar en base a habilidades<br>emprendedoras, econom\u00eda circular, \u00bfqu\u00e9 es ser mujer emprendedora en chile?, etc. Conocieron<br>adem\u00e1s del Hub Fpyme y los servicios que tienen para que puedan estar conectadas con la red y<br>ecosistema emprendedor que existe en la regi\u00f3n.<br>El objetivo de esta escuela, es ir apoyando la profesionalizaci\u00f3n de los negocios liderados<br>por mujeres a trav\u00e9s de la entrega de herramientas t\u00e9cnico-te\u00f3ricas que apoyen la gesti\u00f3n interna<br>de un negocio, pero tambi\u00e9n el desarrollo de habilidades para el emprendimiento, generando<br>como fin \u00faltimo el fortalecimiento de la autonom\u00eda econ\u00f3mica de las mujeres.<br>Fue una experiencia de 2 d\u00edas donde las mujeres pudieron adem\u00e1s plantear inquietudes y<br>necesidades que tienen al momento de emprender, permitiendo as\u00ed, tener un diagn\u00f3stico<br>territorial para generar pol\u00edtica p\u00fablica con pertinencia y que se adec\u00fae a la realidad que tienen las<br>mujeres en la comuna de Cabo de Hornos.<br>Por su lado, la primera Autoridad de la Provincia Ant\u00e1rtica, la Delegada Presidencial<br>Constanza Calisto Gallardo, mencion\u00f3 valora \u201cel compromiso que ha tenido Sernameg con el<br>territorio, generando un hito de alta relevancia y pertinencia a nivel local. Hemos visto que el<br>convenio de colaboraci\u00f3n entre Sernameg, Corfo y Hub Fpyme, brindar\u00e1 sinergia y transferencia<br>de nuevas habilidades en el mundo del emprendimiento y la econom\u00eda circular. Cuando el Estado<br>est\u00e1 presente en estas circunstancias, se hace palpable el esfuerzo por fomentar la autonom\u00eda y<br>empoderamiento de las mujeres en esta zona austral. Las vecinas dieron cuenta de la necesidad<br>de fomentar el comercio formal, la asociatividad, asesor\u00edas por parte de los programas del Estado,<br>pero especialmente la generaci\u00f3n de capacitaciones y cursos en materias de: Ingles, Marketing<br>digital y Contabilidad. Sabemos que \u00e9sta es una acci\u00f3n inicial, la que permitir\u00e1 a Sernameg<br>Magallanes la formulaci\u00f3n de iniciativas pertinentes a las necesidades y caracter\u00edsticas propias de<br>nuestra provincia\u201d.<br>Con este hito, se proyecta llegar al 2025 con una oferta que apoye de manera concreta a<br>las mujeres, con la posibilidad de conectar a\u00fan m\u00e1s a trav\u00e9s del HUB Fpyme, generando m\u00e1s<br>espacios de formaci\u00f3n, espacios de conversaci\u00f3n y acciones que permitan consolidar a las mujeres<br>de Puerto Williams con sus negocios.<\/p>\n","protected":false},"excerpt":{"rendered":"<p>En el marco de un convenio firmado entre SernamEG Magallanes y Hub FpymeMagallanes, los d\u00edas 28 y 29 de noviembre pasado, se realiz\u00f3 la Escuela de EmprendimientoFemenino mas austral del&#8230; <a class=\"read-more\" href=\"https:\/\/www.radiopresidenteibanez.cl\/web\/escuela-de-emprendimiento-femenino-despegando-desde-puerto-williams\/\">Leer m\u00e1s<\/a><\/p>\n","protected":false},"author":2,"featured_media":52934,"comment_status":"closed","ping_status":"closed","sticky":false,"template":"","format":"standard","meta":{"footnotes":""},"categories":[1],"tags":[],"class_list":["post-52933","post","type-post","status-publish","format-standard","has-post-thumbnail","hentry","category-cronica"],"_links":{"self":[{"href":"https:\/\/www.radiopresidenteibanez.cl\/web\/wp-json\/wp\/v2\/posts\/52933","targetHints":{"allow":["GET"]}}],"collection":[{"href":"https:\/\/www.radiopresidenteibanez.cl\/web\/wp-json\/wp\/v2\/posts"}],"about":[{"href":"https:\/\/www.radiopresidenteibanez.cl\/web\/wp-json\/wp\/v2\/types\/post"}],"author":[{"embeddable":true,"href":"https:\/\/www.radiopresidenteibanez.cl\/web\/wp-json\/wp\/v2\/users\/2"}],"replies":[{"embeddable":true,"href":"https:\/\/www.radiopresidenteibanez.cl\/web\/wp-json\/wp\/v2\/comments?post=52933"}],"version-history":[{"count":0,"href":"https:\/\/www.radiopresidenteibanez.cl\/web\/wp-json\/wp\/v2\/posts\/52933\/revisions"}],"wp:featuredmedia":[{"embeddable":true,"href":"https:\/\/www.radiopresidenteibanez.cl\/web\/wp-json\/wp\/v2\/media\/52934"}],"wp:attachment":[{"href":"https:\/\/www.radiopresidenteibanez.cl\/web\/wp-json\/wp\/v2\/media?parent=52933"}],"wp:term":[{"taxonomy":"category","embeddable":true,"href":"https:\/\/www.radiopresidenteibanez.cl\/web\/wp-json\/wp\/v2\/categories?post=52933"},{"taxonomy":"post_tag","embeddable":true,"href":"https:\/\/www.radiopresidenteibanez.cl\/web\/wp-json\/wp\/v2\/tags?post=52933"}],"curies":[{"name":"wp","href":"https:\/\/api.w.org\/{rel}","templated":true}]}}