{"id":52924,"date":"2024-12-10T11:16:47","date_gmt":"2024-12-10T14:16:47","guid":{"rendered":"https:\/\/www.radiopresidenteibanez.cl\/web\/?p=52924"},"modified":"2024-12-10T11:16:55","modified_gmt":"2024-12-10T14:16:55","slug":"presidente-gabriel-boric-font-en-conmemoracion-del-dia-de-los-dd-hh-la-creacion-deesta-comision-reafirma-el-compromiso-del-estado-de-chile-con-la-proteccion-integral-de-losderechos-de-la-ni","status":"publish","type":"post","link":"https:\/\/www.radiopresidenteibanez.cl\/web\/presidente-gabriel-boric-font-en-conmemoracion-del-dia-de-los-dd-hh-la-creacion-deesta-comision-reafirma-el-compromiso-del-estado-de-chile-con-la-proteccion-integral-de-losderechos-de-la-ni\/","title":{"rendered":"Presidente Gabriel Boric Font en conmemoraci\u00f3n del D\u00eda de los DD.HH.: \u201cLa creaci\u00f3n deesta comisi\u00f3n reafirma el compromiso del Estado de Chile con la protecci\u00f3n integral de losderechos de la ni\u00f1ez y la adolescencia\u201d"},"content":{"rendered":"\n<p>El martes 10 de diciembre, desde el Palacio de La Moneda, el Presidente de la Rep\u00fablica, Gabriel<br>Boric Font, encabez\u00f3 la conmemoraci\u00f3n del D\u00eda Internacional de los Derechos Humanos,<br>ceremonia en la que se oficializ\u00f3 el inicio del trabajo de la Comisi\u00f3n Asesora Presidencial para<br>esclarecer la verdad de las vulneraciones a los Derechos Humanos de ni\u00f1os, ni\u00f1as y adolescentes<br>bajo la custodia del Sename.<br>La Comisi\u00f3n Asesora se inicia a partir del grupo de trabajo conformado por representantes del<br>Ministerio de Justicia y Derechos Humanos, Unicef y la Defensor\u00eda de la Ni\u00f1ez, que elabor\u00f3 las<br>bases t\u00e9cnicas y administrativas de esta instancia, delimitando su \u00e1mbito de acci\u00f3n y generando<br>los insumos t\u00e9cnicos necesarios.<br>Los objetivos de esta instancia ser\u00e1n establecer una verdad hist\u00f3rica en relaci\u00f3n a ni\u00f1os, ni\u00f1as y<br>adolescentes que han sido v\u00edctimas de vulneraciones estando bajo custodia del Estado a trav\u00e9s<br>del Sename, y proponer mecanismos de reparaci\u00f3n. La Comisi\u00f3n tendr\u00e1 una duraci\u00f3n de al menos<br>un a\u00f1o y ser\u00e1 conformada por siete comisionados designados por el Presidente de la Rep\u00fablica,<br>con apoyo administrativo de una secretar\u00eda ejecutiva para su funcionamiento.<br>En la actividad el Presidente Gabriel Boric Font destac\u00f3 que \u201cla creaci\u00f3n de esta comisi\u00f3n reafirma<br>el compromiso del Estado de Chile con la protecci\u00f3n integral de los derechos de la ni\u00f1ez y la<br>adolescencia y nos permite avanzar como pa\u00eds transformando el dolor en justicia para quienes<br>vivieron estos hechos\u201d.<br>Adem\u00e1s, relev\u00f3 que \u201cen los \u00faltimos a\u00f1os hemos logrado algunos avances que son significativos,<br>con la promulgaci\u00f3n de la Ley de Garant\u00edas y Protecci\u00f3n Integral de los Derechos de la Ni\u00f1ez, que<br>estuvo cerca de 10 a\u00f1os tramit\u00e1ndose en el Parlamento, y tambi\u00e9n con la creaci\u00f3n de servicios<br>especializados en materia de protecci\u00f3n y de reinserci\u00f3n social juvenil\u201d.<br>Finalmente, el Mandatario agreg\u00f3 que \u201ceste 10 de diciembre ratificamos y renovamos nuestro<br>compromiso de seguir promoviendo y defendiendo el derecho de todo hombre, mujer, ni\u00f1o, ni\u00f1a y adolescente a ser persona, a que se le respete de acuerdo con su dignidad y su valor intr\u00ednseco<br>como ser humano en todo momento y en todo lugar\u201d.<br>Comisi\u00f3n Asesora Presidencial<br>El Jefe de Estado junto a la ministra del Interior y Seguridad P\u00fablica, Carolina Toh\u00e1, el ministro de<br>Justicia y Derechos Humanos, Jaime Gajardo, y la ministra de Desarrollo Social y Familia, Javiera<br>Toro, firmaron el decreto que mandata la creaci\u00f3n de la Comisi\u00f3n Asesora que, entre sus tareas,<br>ldeber\u00e1 realizar un proceso de calificaci\u00f3n de v\u00edctimas; proponer un plan de reparaci\u00f3n con<br>medidas administrativas y legislativas respecto de entornos de cuidado estatal e institucional en los<br>\u00e1mbitos de protecci\u00f3n especializada y justicia juvenil; y preparar e implementar hitos de<br>resignificaci\u00f3n y de memoria.<br>Integran la Comisi\u00f3n:<\/p>\n\n\n\n<ul class=\"wp-block-list\">\n<li>Soledad Larra\u00edn Heiremans:<br>Ser\u00e1 la presidenta de la instancia. Es psic\u00f3loga y mag\u00edster en Estudios avanzados de la familia y la<br>pareja. Trabaj\u00f3 en Unicef y en el Consejo para la Infancia. Durante m\u00e1s de 20 a\u00f1os, ha sido<br>consultora de organismos internacionales en materia de protecci\u00f3n de los derechos de la ni\u00f1ez,<br>as\u00ed como en violencia de g\u00e9nero y contra ni\u00f1os, ni\u00f1as y adolescentes. A partir del a\u00f1o 2019 se<br>desempe\u00f1a como investigadora en el Centro Iberoamericano de Derechos del Ni\u00f1o. Posee amplia<br>experiencia en intervenci\u00f3n, investigaciones y pol\u00edticas p\u00fablicas en materia de ni\u00f1ez y<br>adolescencia, violencia y g\u00e9nero.<\/li>\n\n\n\n<li>Miguel Cillero Bru\u00f1ol<br>Abogado y doctor en Derecho. Ha trabajado desde hace m\u00e1s de 30 a\u00f1os en la promoci\u00f3n y<br>defensa de los derechos de los ni\u00f1os y ni\u00f1as, asesorando a organismos nacionales e<br>internacionales. Hace clases en diversos postgrados, diplomados y cursos de especializaci\u00f3n en<br>universidades nacionales e internacionales. Ha escrito numerosos art\u00edculos acad\u00e9micos<br>vinculados al Inter\u00e9s superior dentro de la Convenci\u00f3n sobre los Derechos del Ni\u00f1o, autonom\u00eda<br>progresiva y derechos en la ni\u00f1ez, como tambi\u00e9n las vinculadas al derecho penal de<br>adolescentes.<\/li>\n\n\n\n<li>Carmen Dominguez Hidalgo<br>Abogada y doctora en Derecho. Profesora titular de la Universidad Cat\u00f3lica. Consejera de la<br>Academia Judicial de Chile durante dos per\u00edodos. Pertenece a numerosas redes acad\u00e9micas<br>internacionales, siendo actualmente Presidenta de la Red Internacional de Institutos de Familia<br>(Rediuf), Presidenta del Consorcio Latinoamericano de Libertad Religiosa y Vicepresidenta de la<br>Asociaci\u00f3n Iberoamericana de Derecho Privado. Ex Directora del Centro UC de la familia y<br>fundadora del mismo.<\/li>\n\n\n\n<li>Matias Marchant Reyes<br>Psic\u00f3logo y mag\u00edster en Filosof\u00eda. Docente del Instituto de Formaci\u00f3n de Psicoanalistas de ICHPA.<br>Ha trabajado en temas de infancia a trav\u00e9s de investigaciones, seminarios de formaci\u00f3n cl\u00ednica y<br>como acad\u00e9mico. Dentro de su producci\u00f3n acad\u00e9mica destaca la reflexi\u00f3n en torno a las<br>modalidades de acompa\u00f1amiento para ni\u00f1os que se encuentran privados de cuidados parentales.<\/li>\n\n\n\n<li>Estela Ort\u00edz Rojas<br>Educadora de p\u00e1rvulos y profesora de educaci\u00f3n b\u00e1sica. Experta en pol\u00edticas p\u00fablicas de<br>protecci\u00f3n social en infancia y educaci\u00f3n. Ha sido consultora a nivel nacional e internacional. Fue<br>vicepresidenta de la Junji entre los a\u00f1os 2006 y 2010. Entre los a\u00f1os 2014 y 2018 fue secretaria<br>ejecutiva del Consejo Nacional de la Infancia del Gobierno de Chile.<\/li>\n\n\n\n<li>Judith Schonsteiner<br>Abogada y doctora en Derecho, con un LL.M. en Derecho Internacional de Derechos Humanos<br>por la Universidad de Essex y un M.A. en ciencia pol\u00edtica por la Universidad Johannes Gutenberg.<br>Investigadora visitante (2012, 2016-2019) y Leibniz-Fellow (2021) del Max Planck Institut f\u00fcr<br>Ausl\u00e4ndisches \u00d6ffentliches Recht und V\u00f6lkerrecht. Profesora invitada del Master of Human<br>Rights del Centro de Derechos Humanos (2020) y miembro asociado del Centre of Human Rights<br>(Chren) de la Friedrich Alexander Universit\u00e4t Erlangen-N\u00fcrnberg.<\/li>\n\n\n\n<li>Sebasti\u00e1n Valenzuela Ag\u00fcero<br>Abogado y mag\u00edster en Derecho Penal. Ex Subsecretario de Justicia del Gobierno del Presidente<br>Sebasti\u00e1n Pi\u00f1era y ex jefe de la Divisi\u00f3n Jur\u00eddica y de la Divisi\u00f3n de Reinserci\u00f3n Social del<br>Ministerio de Justicia y Derechos Humanos. Profesor de Derecho Penal en la Universidad<br>Cat\u00f3lica y de la Universidad Central, y docente de la Academia Judicial.<\/li>\n<\/ul>\n","protected":false},"excerpt":{"rendered":"<p>El martes 10 de diciembre, desde el Palacio de La Moneda, el Presidente de la Rep\u00fablica, GabrielBoric Font, encabez\u00f3 la conmemoraci\u00f3n del D\u00eda Internacional de los Derechos Humanos,ceremonia en la&#8230; <a class=\"read-more\" href=\"https:\/\/www.radiopresidenteibanez.cl\/web\/presidente-gabriel-boric-font-en-conmemoracion-del-dia-de-los-dd-hh-la-creacion-deesta-comision-reafirma-el-compromiso-del-estado-de-chile-con-la-proteccion-integral-de-losderechos-de-la-ni\/\">Leer m\u00e1s<\/a><\/p>\n","protected":false},"author":2,"featured_media":52925,"comment_status":"closed","ping_status":"closed","sticky":false,"template":"","format":"standard","meta":{"footnotes":""},"categories":[1],"tags":[],"class_list":["post-52924","post","type-post","status-publish","format-standard","has-post-thumbnail","hentry","category-cronica"],"_links":{"self":[{"href":"https:\/\/www.radiopresidenteibanez.cl\/web\/wp-json\/wp\/v2\/posts\/52924","targetHints":{"allow":["GET"]}}],"collection":[{"href":"https:\/\/www.radiopresidenteibanez.cl\/web\/wp-json\/wp\/v2\/posts"}],"about":[{"href":"https:\/\/www.radiopresidenteibanez.cl\/web\/wp-json\/wp\/v2\/types\/post"}],"author":[{"embeddable":true,"href":"https:\/\/www.radiopresidenteibanez.cl\/web\/wp-json\/wp\/v2\/users\/2"}],"replies":[{"embeddable":true,"href":"https:\/\/www.radiopresidenteibanez.cl\/web\/wp-json\/wp\/v2\/comments?post=52924"}],"version-history":[{"count":0,"href":"https:\/\/www.radiopresidenteibanez.cl\/web\/wp-json\/wp\/v2\/posts\/52924\/revisions"}],"wp:featuredmedia":[{"embeddable":true,"href":"https:\/\/www.radiopresidenteibanez.cl\/web\/wp-json\/wp\/v2\/media\/52925"}],"wp:attachment":[{"href":"https:\/\/www.radiopresidenteibanez.cl\/web\/wp-json\/wp\/v2\/media?parent=52924"}],"wp:term":[{"taxonomy":"category","embeddable":true,"href":"https:\/\/www.radiopresidenteibanez.cl\/web\/wp-json\/wp\/v2\/categories?post=52924"},{"taxonomy":"post_tag","embeddable":true,"href":"https:\/\/www.radiopresidenteibanez.cl\/web\/wp-json\/wp\/v2\/tags?post=52924"}],"curies":[{"name":"wp","href":"https:\/\/api.w.org\/{rel}","templated":true}]}}