{"id":52921,"date":"2024-12-10T13:57:00","date_gmt":"2024-12-10T16:57:00","guid":{"rendered":"https:\/\/www.radiopresidenteibanez.cl\/web\/?p=52921"},"modified":"2024-12-10T10:44:13","modified_gmt":"2024-12-10T13:44:13","slug":"con-el-respaldo-de-gasco-magallanes-finalizan-tutorias-de-lecto-escritura-en-escuela-espana","status":"publish","type":"post","link":"https:\/\/www.radiopresidenteibanez.cl\/web\/con-el-respaldo-de-gasco-magallanes-finalizan-tutorias-de-lecto-escritura-en-escuela-espana\/","title":{"rendered":"Con el respaldo de GASCO Magallanes, finalizan tutor\u00edas de lecto escritura en Escuela Espa\u00f1a\u00a0"},"content":{"rendered":"\n<p>Un total de 12 estudiantes de primero a tercero b\u00e1sico de la Escuela Espa\u00f1a fueron acompa\u00f1ados por tutores durante 2024 con el prop\u00f3sito de nivelar sus conocimientos en lectoescritura en una iniciativa impulsada por Fundaci\u00f3n Teraike y dictada por Fundaci\u00f3n Letra Libre que fue posible gracias al respaldo de GASCO Magallanes.<\/p>\n\n\n\n<p>Los estudiantes y apoderados participaron del acto de cierre del programa de tutor\u00edas y apadrinamiento que se realiz\u00f3 el viernes 6 de diciembre en el establecimiento educacional, en donde su directora, Bernardita Hurtado, agradeci\u00f3 la realizaci\u00f3n del programa de tutor\u00edas indicando que \u201chan tenido mucha dedicaci\u00f3n y cari\u00f1o con nuestros estudiantes. Se establece un v\u00ednculo entre los tutores y los ni\u00f1os que es importante\u201d.<\/p>\n\n\n\n<p>Victoria Vega, Coordinadora de Educaci\u00f3n de Fundaci\u00f3n Teraike, en tanto, explic\u00f3 que el programa impuls\u00f3 el acompa\u00f1amiento de ni\u00f1os que presentaban rezagos en el \u00e1rea lectora. \u201cLos tutores fueron, principalmente, colaboradores de GASCO Magallanes\u201d, destac\u00f3 agregando que \u201chabiendo alianzas p\u00fablico-privadas se puede hacer un apoyo real y concreto al aprendizaje de los estudiantes y al esfuerzo que est\u00e1n haciendo los docentes en el aula\u201d.<\/p>\n\n\n\n<p>Barbara L\u00f3pez, Coordinadora de Tutores de Fundaci\u00f3n Letra Libre, indic\u00f3 que en la medida que los alumnos interactuaron con sus tutores \u201ccomenzaron a tener m\u00e1s confianza, generando un v\u00ednculo con ellos e incluso algunos quieren seguir en clases, seguir aprendiendo\u201d.<\/p>\n\n\n\n<p>&nbsp;Finalmente, Sergio Huepe, Gerente de Negocios de GASCO Magallanes agradeci\u00f3 al grupo de colaboradores de la empresa quienes \u201crealizaron un dedicado trabajo de tutores, con la mejor disposici\u00f3n de ayudar a los ni\u00f1os y sus familias para nivelar sus conocimientos en lectoescritura. Como empresa estamos muy orgullosos de haber formado parte de esta&nbsp;iniciativa\u201d.<\/p>\n","protected":false},"excerpt":{"rendered":"<p>Un total de 12 estudiantes de primero a tercero b\u00e1sico de la Escuela Espa\u00f1a fueron acompa\u00f1ados por tutores durante 2024 con el prop\u00f3sito de nivelar sus conocimientos en lectoescritura en&#8230; <a class=\"read-more\" href=\"https:\/\/www.radiopresidenteibanez.cl\/web\/con-el-respaldo-de-gasco-magallanes-finalizan-tutorias-de-lecto-escritura-en-escuela-espana\/\">Leer m\u00e1s<\/a><\/p>\n","protected":false},"author":2,"featured_media":52922,"comment_status":"closed","ping_status":"closed","sticky":false,"template":"","format":"standard","meta":{"footnotes":""},"categories":[1],"tags":[],"class_list":["post-52921","post","type-post","status-publish","format-standard","has-post-thumbnail","hentry","category-cronica"],"_links":{"self":[{"href":"https:\/\/www.radiopresidenteibanez.cl\/web\/wp-json\/wp\/v2\/posts\/52921","targetHints":{"allow":["GET"]}}],"collection":[{"href":"https:\/\/www.radiopresidenteibanez.cl\/web\/wp-json\/wp\/v2\/posts"}],"about":[{"href":"https:\/\/www.radiopresidenteibanez.cl\/web\/wp-json\/wp\/v2\/types\/post"}],"author":[{"embeddable":true,"href":"https:\/\/www.radiopresidenteibanez.cl\/web\/wp-json\/wp\/v2\/users\/2"}],"replies":[{"embeddable":true,"href":"https:\/\/www.radiopresidenteibanez.cl\/web\/wp-json\/wp\/v2\/comments?post=52921"}],"version-history":[{"count":0,"href":"https:\/\/www.radiopresidenteibanez.cl\/web\/wp-json\/wp\/v2\/posts\/52921\/revisions"}],"wp:featuredmedia":[{"embeddable":true,"href":"https:\/\/www.radiopresidenteibanez.cl\/web\/wp-json\/wp\/v2\/media\/52922"}],"wp:attachment":[{"href":"https:\/\/www.radiopresidenteibanez.cl\/web\/wp-json\/wp\/v2\/media?parent=52921"}],"wp:term":[{"taxonomy":"category","embeddable":true,"href":"https:\/\/www.radiopresidenteibanez.cl\/web\/wp-json\/wp\/v2\/categories?post=52921"},{"taxonomy":"post_tag","embeddable":true,"href":"https:\/\/www.radiopresidenteibanez.cl\/web\/wp-json\/wp\/v2\/tags?post=52921"}],"curies":[{"name":"wp","href":"https:\/\/api.w.org\/{rel}","templated":true}]}}