{"id":52918,"date":"2024-12-10T12:39:00","date_gmt":"2024-12-10T15:39:00","guid":{"rendered":"https:\/\/www.radiopresidenteibanez.cl\/web\/?p=52918"},"modified":"2024-12-10T10:40:30","modified_gmt":"2024-12-10T13:40:30","slug":"quien-me-iba-a-decir-a-mi-que-yo-me-iba-a-enamorar-cuando-no-tengo-un-lugar-en-la-tierra-canta-isabel-parra","status":"publish","type":"post","link":"https:\/\/www.radiopresidenteibanez.cl\/web\/quien-me-iba-a-decir-a-mi-que-yo-me-iba-a-enamorar-cuando-no-tengo-un-lugar-en-la-tierra-canta-isabel-parra\/","title":{"rendered":"\u00bfQui\u00e9n me iba a decir a m\u00ed que yo me iba a enamorar cuando no tengo un lugar en la tierra?..\u00bb canta Isabel Parra"},"content":{"rendered":"\n<p>A 76 A\u00d1OS DE LA DECLARACI\u00d3N UNIVERSAL DE LOS DERECHOS HUMANOS<\/p>\n\n\n\n<p>1.- En Chile no se cumple con lo establecido en la Declaraci\u00f3n Universal de los Derechos Humanos y en algunos casos, su violaci\u00f3n es simplemente descarada. De los varios art\u00edculos que consideran derechos sociales analizaremos uno de ellos para demostrar su poco o nulo cumplimiento.<\/p>\n\n\n\n<p>Dice el art\u00edculo 24:<br>\u201cToda persona tiene derecho al descanso, al disfrute del tiempo libre, a una limitaci\u00f3n razonable de la duraci\u00f3n del trabajo y a vacaciones peri\u00f3dicas pagadas\u201d.<\/p>\n\n\n\n<p>En el 2024, los trabajadores chilenos cada d\u00eda disfrutan menos del descanso en Domingo y tambi\u00e9n deben trabajar los festivos.<br>La legislaci\u00f3n no protege adecuadamente el derecho a descansar 2 domingos en el mes, ni la compensaci\u00f3n del festivo trabajado.<\/p>\n\n\n\n<p>Las miserables condiciones econ\u00f3micas hacen casi imposible que el trabajador y su familia tengan posibilidad de disfrutar el tiempo libre.<br>Para peor los espacios de \u00e1reas verdes son casi inexistentes en grandes conjuntos habitacionales de concentraci\u00f3n de trabajadores.<\/p>\n\n\n\n<p>2.- La \u00faltima ley de la jornada de trabajo semanal, destruy\u00f3 un principio de 92 a\u00f1os &#8211; la jornada semanal con una cantidad determinada de horas establecido en 1931en el primer C\u00f3digo del Trabajo &#8211; ya que ahora permite una jornada semanal o el pacto en ciclos de hasta 4 semanas, forma encubierta para llamar a la flexibilidad horaria que se instala con los mecanismos aprobados.<\/p>\n\n\n\n<p>El dinero que el trabajador recibe por vacaciones se limita solo a un % de su sueldo mensual, lo que hace imposible el disfrute de vacaciones, salvo en las termas de pizarre\u00f1o.<\/p>\n\n\n\n<p>Se puede afirmar, sin que suene a exageraci\u00f3n, que en nuestro pa\u00eds no se respeta la Declaraci\u00f3n Universal de los Derechos Humanos.<br>No se hizo en dictadura ni tampoco se est\u00e1 haciendo en democracia. Que no vaya a ser demasiado tarde cuando reaccionemos.<br>*******<br>Nuestra fuerza la Unidad<br>Nuestra meta la Victor<\/p>\n","protected":false},"excerpt":{"rendered":"<p>A 76 A\u00d1OS DE LA DECLARACI\u00d3N UNIVERSAL DE LOS DERECHOS HUMANOS 1.- En Chile no se cumple con lo establecido en la Declaraci\u00f3n Universal de los Derechos Humanos y en&#8230; <a class=\"read-more\" href=\"https:\/\/www.radiopresidenteibanez.cl\/web\/quien-me-iba-a-decir-a-mi-que-yo-me-iba-a-enamorar-cuando-no-tengo-un-lugar-en-la-tierra-canta-isabel-parra\/\">Leer m\u00e1s<\/a><\/p>\n","protected":false},"author":2,"featured_media":52919,"comment_status":"closed","ping_status":"closed","sticky":false,"template":"","format":"standard","meta":{"footnotes":""},"categories":[1],"tags":[],"class_list":["post-52918","post","type-post","status-publish","format-standard","has-post-thumbnail","hentry","category-cronica"],"_links":{"self":[{"href":"https:\/\/www.radiopresidenteibanez.cl\/web\/wp-json\/wp\/v2\/posts\/52918","targetHints":{"allow":["GET"]}}],"collection":[{"href":"https:\/\/www.radiopresidenteibanez.cl\/web\/wp-json\/wp\/v2\/posts"}],"about":[{"href":"https:\/\/www.radiopresidenteibanez.cl\/web\/wp-json\/wp\/v2\/types\/post"}],"author":[{"embeddable":true,"href":"https:\/\/www.radiopresidenteibanez.cl\/web\/wp-json\/wp\/v2\/users\/2"}],"replies":[{"embeddable":true,"href":"https:\/\/www.radiopresidenteibanez.cl\/web\/wp-json\/wp\/v2\/comments?post=52918"}],"version-history":[{"count":0,"href":"https:\/\/www.radiopresidenteibanez.cl\/web\/wp-json\/wp\/v2\/posts\/52918\/revisions"}],"wp:featuredmedia":[{"embeddable":true,"href":"https:\/\/www.radiopresidenteibanez.cl\/web\/wp-json\/wp\/v2\/media\/52919"}],"wp:attachment":[{"href":"https:\/\/www.radiopresidenteibanez.cl\/web\/wp-json\/wp\/v2\/media?parent=52918"}],"wp:term":[{"taxonomy":"category","embeddable":true,"href":"https:\/\/www.radiopresidenteibanez.cl\/web\/wp-json\/wp\/v2\/categories?post=52918"},{"taxonomy":"post_tag","embeddable":true,"href":"https:\/\/www.radiopresidenteibanez.cl\/web\/wp-json\/wp\/v2\/tags?post=52918"}],"curies":[{"name":"wp","href":"https:\/\/api.w.org\/{rel}","templated":true}]}}