{"id":5290,"date":"2019-06-22T21:34:50","date_gmt":"2019-06-22T21:34:50","guid":{"rendered":"http:\/\/www.radiopresidenteibanez.cl\/web\/?p=5290"},"modified":"2019-06-22T21:35:39","modified_gmt":"2019-06-22T21:35:39","slug":"ante-necesidad-planteada-por-gobernador-nelson-carcamo-proyecto-de-ampliacion-de-terminal-aereo-de-puerto-williams-esta-en-fases-finales","status":"publish","type":"post","link":"https:\/\/www.radiopresidenteibanez.cl\/web\/ante-necesidad-planteada-por-gobernador-nelson-carcamo-proyecto-de-ampliacion-de-terminal-aereo-de-puerto-williams-esta-en-fases-finales\/","title":{"rendered":"ANTE NECESIDAD PLANTEADA POR GOBERNADOR NELSON C\u00c1RCAMO: PROYECTO DE AMPLIACI\u00d3N DE TERMINAL A\u00c9REO DE PUERTO WILLIAMS EST\u00c1 EN FASES FINALES"},"content":{"rendered":"\n<p>La Direcci\u00f3n Regional de Aeropuertos del MOP inform\u00f3 que s\u00f3lo falta la Recomendaci\u00f3n T\u00e9cnica Favorable por parte del Ministerio de Desarrollo Social y Familia. De aprobarse, las obras se ejecutar\u00edan con fondos sectoriales.<\/p>\n\n\n\n<p>Luego de que el gobernador de la Provincia Ant\u00e1rtica Chilena, Nelson C\u00e1rcamo, se reuniera con diversas autoridades para demostrar la necesidad de ampliar el terminal del aer\u00f3dromo Guardiamarina Za\u00f1artu de Puerto Williams, la Direcci\u00f3n Regional de Aeropuertos del MOP inform\u00f3 que existe un proyecto en sus fases finales para mitigar este problema.<\/p>\n\n\n\n<p>Seg\u00fan cifras del \u00faltimo organismo mencionado, la tasa de pasajeros ha crecido exponencialmente en el \u00faltimo tiempo: s\u00f3lo el a\u00f1o pasado se registraron 34 mil personas, entre ingresos y salidas de Isla Navarino, significando 7 mil m\u00e1s en comparaci\u00f3n a 2017. Ante ello, la primera autoridad provincial mencion\u00f3 que se hace urgente acrecentar la infraestructura del terminal a\u00e9reo, que actualmente cuenta con s\u00f3lo 187,15 metros cuadrados de superficie.<\/p>\n\n\n\n<p>\u201cTenemos una cantidad de pasajeros que habitualmente est\u00e1n pr\u00e1cticamente hacinados en ese lugar, sin contar el equipaje, que queda a ras de suelo, y que posteriormente hay que esperar que un grupo de ellos salga o entre para poder desplazarse, ya sea al avi\u00f3n o simplemente a la ciudad\u201d, coment\u00f3 el gobernador C\u00e1rcamo.<\/p>\n\n\n\n<p>En la reuni\u00f3n llevada a cabo en Punta Arenas, el gobernador dio a conocer estos y otros antecedentes frente a autoridades presentes, entre las que se contaba el intendente de Magallanes y la Ant\u00e1rtica Chilena, Jos\u00e9 Fern\u00e1ndez; el seremi de Obras P\u00fablicas, Pablo Rendoll; la seremi de Desarrollo Social y Familia, Liz Casanueva, y el director regional de Aeropuertos del MOP, Hardy Rehbein.<\/p>\n\n\n\n<p>Este \u00faltimo inform\u00f3 que actualmente se encuentra un proyecto de ampliaci\u00f3n del terminal a\u00e9reo. Y si bien el a\u00f1o pasado estaba planificado presentarlo ante el Consejo Regional para obtener su financiamiento, Rehbein confirm\u00f3 que se podr\u00e1 desarrollar con fondos sectoriales del MOP, pues es un proyecto prioritario para la cartera, y calcul\u00f3 que el valor del proyecto costar\u00eda unos mil millones de pesos. <\/p>\n\n\n\n<p>El director aclar\u00f3 que s\u00f3lo falta la Recomendaci\u00f3n T\u00e9cnica Favorable por parte del Ministerio de Desarrollo Social y Familia. \u201cEste ministerio debe evaluar que socialmente sea rentable el proyecto, y una vez que suceda eso, debe presentarse a Hacienda. Cuando exista la autorizaci\u00f3n por parte de Desarrollo Social, ya se podr\u00e1 incorporar en decreto para los fondos\u201d, explic\u00f3 Rehbein.<\/p>\n\n\n\n<p>En espec\u00edfico, el proyecto de la Direcci\u00f3n Regional de Aeropuertos detalla que la superficie del terminal aumentar\u00eda unos 307 metros cuadrados, es decir, de los actuales 187,15, pasar\u00eda a 494,82, e incluir\u00eda una recuperaci\u00f3n del \u00e1rea de estacionamiento vehicular ocupada por la ampliaci\u00f3n del edificio terminal. <\/p>\n\n\n\n<p>Entre las dependencias que destacan, finalmente habr\u00eda una sala de embarque de 155,49 metros cuadrados \u2013actualmente no cuenta con una oficialmente acondicionada-; la sala de desembarque aumentar\u00eda de los 24,36 actuales a 94,43; el hall de espera, de 93,2 a 126,23; los ba\u00f1os, de 18,56 a 45,3; los ba\u00f1os para minusv\u00e1lidos, de 3,7 a 13,4, y tendr\u00eda una zona oficial de retiro y entrega de equipajes de 46,11. Junto a esto, est\u00e1 contemplada la ampliaci\u00f3n del cuartel del Servicio de Salvamento y Extinci\u00f3n (SEI): de los 236,71 metros cuadrados actuales, pasar\u00eda a 364,11. En \u00e9l, se trasladar\u00eda la Oficina de Operaciones de Vuelo (ARO), que actualmente est\u00e1 en el edificio terminal, y as\u00ed dejar\u00eda m\u00e1s espacio para la zona de embarque.<\/p>\n\n\n\n<p>El propio Rehbein aclar\u00f3 que, de ejecutarse estas obras, la ampliaci\u00f3n funcionar\u00e1 como \u201cmedida de mitigaci\u00f3n al problema de la insuficiencia de espacio que hay en estos momentos, obras que permitir\u00e1n sobrellevar con un mejor nivel de servicio el proceso que conlleve a la soluci\u00f3n definitiva\u201d. <\/p>\n\n\n\n<p>La urgencia del gobernador C\u00e1rcamo para ampliar el terminal a\u00e9reo se justifica con cifras. Junto a las estad\u00edsticas anteriormente mencionadas, la propia Direcci\u00f3n Regional de Aeropuertos del MOP inform\u00f3 que entre 2009 y 2018 hubo un 246,5 por ciento de incremento de gente que viaj\u00f3 v\u00eda a\u00e9rea entre la capital provincial y Punta Arenas (de m\u00e1s de 10 mil aument\u00f3 a los 34 mil).<\/p>\n\n\n\n<p>Todos estos n\u00fameros determinan que en Puerto Williams se ubique el segundo terminal a\u00e9reo con mayor flujo de pasajeros en la regi\u00f3n, siendo s\u00f3lo sobrepasado por la capital regional, que seg\u00fan la Direcci\u00f3n Nacional de Aeron\u00e1utica Civil (DGAC), super\u00f3 los 1,2 millones, entre ingresos y salidas, el 2018. En tercer lugar se ubica Puerto Natales, con  m\u00e1s de 18 mil, luego Porvenir, con m\u00e1s de 13 mil, y finalmente la Pen\u00ednsula Ant\u00e1rtica, con m\u00e1s de 8 mil. Pese a esto, la superficie actual del aer\u00f3dromo Guardiamarina Za\u00f1artu es la m\u00e1s peque\u00f1a de las cuatro capitales provinciales.<\/p>\n\n\n\n<p>\u201cDecimos esto justamente para poder graficar la necesidad de contar a la brevedad la ampliaci\u00f3n de nuestro terminal de pasajeros, para dar las comodidades que cada uno de ellos se merece y requiere (\u2026) Estamos haciendo un llamado a que las autoridades, pero m\u00e1s que las autoridades, los asesores de aquellos que tienen finalmente la definici\u00f3n del tema, puedan sensibilizarse ante esta realidad\u201d, concluy\u00f3 C\u00e1rcamo, quien frente a esta gesti\u00f3n, destac\u00f3 la especial intervenci\u00f3n del intendente Fern\u00e1ndez y los oficios de la seremi Casanueva.<\/p>\n\n\n\n<figure class=\"wp-block-image\"><img loading=\"lazy\" decoding=\"async\" width=\"1024\" height=\"684\" src=\"https:\/\/www.radiopresidenteibanez.cl\/web\/wp-content\/uploads\/2019\/06\/WhatsApp-Image-2019-06-21-at-15.17.20-1024x684.jpeg\" alt=\"\" class=\"wp-image-5291\" srcset=\"https:\/\/www.radiopresidenteibanez.cl\/web\/wp-content\/uploads\/2019\/06\/WhatsApp-Image-2019-06-21-at-15.17.20-1024x684.jpeg 1024w, https:\/\/www.radiopresidenteibanez.cl\/web\/wp-content\/uploads\/2019\/06\/WhatsApp-Image-2019-06-21-at-15.17.20-300x200.jpeg 300w, https:\/\/www.radiopresidenteibanez.cl\/web\/wp-content\/uploads\/2019\/06\/WhatsApp-Image-2019-06-21-at-15.17.20-768x513.jpeg 768w, https:\/\/www.radiopresidenteibanez.cl\/web\/wp-content\/uploads\/2019\/06\/WhatsApp-Image-2019-06-21-at-15.17.20.jpeg 1280w\" sizes=\"auto, (max-width: 1024px) 100vw, 1024px\" \/><\/figure>\n","protected":false},"excerpt":{"rendered":"<p>La Direcci\u00f3n Regional de Aeropuertos del MOP inform\u00f3 que s\u00f3lo falta la Recomendaci\u00f3n T\u00e9cnica Favorable por parte del Ministerio de Desarrollo Social y Familia. De aprobarse, las obras se ejecutar\u00edan&#8230; <a class=\"read-more\" href=\"https:\/\/www.radiopresidenteibanez.cl\/web\/ante-necesidad-planteada-por-gobernador-nelson-carcamo-proyecto-de-ampliacion-de-terminal-aereo-de-puerto-williams-esta-en-fases-finales\/\">Leer m\u00e1s<\/a><\/p>\n","protected":false},"author":2,"featured_media":5291,"comment_status":"closed","ping_status":"closed","sticky":false,"template":"","format":"standard","meta":{"footnotes":""},"categories":[1],"tags":[],"class_list":["post-5290","post","type-post","status-publish","format-standard","has-post-thumbnail","hentry","category-cronica"],"_links":{"self":[{"href":"https:\/\/www.radiopresidenteibanez.cl\/web\/wp-json\/wp\/v2\/posts\/5290","targetHints":{"allow":["GET"]}}],"collection":[{"href":"https:\/\/www.radiopresidenteibanez.cl\/web\/wp-json\/wp\/v2\/posts"}],"about":[{"href":"https:\/\/www.radiopresidenteibanez.cl\/web\/wp-json\/wp\/v2\/types\/post"}],"author":[{"embeddable":true,"href":"https:\/\/www.radiopresidenteibanez.cl\/web\/wp-json\/wp\/v2\/users\/2"}],"replies":[{"embeddable":true,"href":"https:\/\/www.radiopresidenteibanez.cl\/web\/wp-json\/wp\/v2\/comments?post=5290"}],"version-history":[{"count":0,"href":"https:\/\/www.radiopresidenteibanez.cl\/web\/wp-json\/wp\/v2\/posts\/5290\/revisions"}],"wp:featuredmedia":[{"embeddable":true,"href":"https:\/\/www.radiopresidenteibanez.cl\/web\/wp-json\/wp\/v2\/media\/5291"}],"wp:attachment":[{"href":"https:\/\/www.radiopresidenteibanez.cl\/web\/wp-json\/wp\/v2\/media?parent=5290"}],"wp:term":[{"taxonomy":"category","embeddable":true,"href":"https:\/\/www.radiopresidenteibanez.cl\/web\/wp-json\/wp\/v2\/categories?post=5290"},{"taxonomy":"post_tag","embeddable":true,"href":"https:\/\/www.radiopresidenteibanez.cl\/web\/wp-json\/wp\/v2\/tags?post=5290"}],"curies":[{"name":"wp","href":"https:\/\/api.w.org\/{rel}","templated":true}]}}