{"id":52899,"date":"2024-12-09T17:49:00","date_gmt":"2024-12-09T20:49:00","guid":{"rendered":"https:\/\/www.radiopresidenteibanez.cl\/web\/?p=52899"},"modified":"2024-12-09T11:40:12","modified_gmt":"2024-12-09T14:40:12","slug":"certifican-a-mediadores-comunitarios-para-fortalecer-seguridad-en-los-barrios","status":"publish","type":"post","link":"https:\/\/www.radiopresidenteibanez.cl\/web\/certifican-a-mediadores-comunitarios-para-fortalecer-seguridad-en-los-barrios\/","title":{"rendered":"CERTIFICAN A MEDIADORES COMUNITARIOS PARA FORTALECER SEGURIDAD EN LOS BARRIOS"},"content":{"rendered":"\n<p>Con la finalidad de velar por una convivencia pac\u00edfica y, a trav\u00e9s del enfoque preventivo, evitar que<br>eventuales conflictos vecinales escalen, se realiz\u00f3 la ceremonia de certificaci\u00f3n del primer taller de<br>Formaci\u00f3n de Mediadores Comunitarios, iniciativa piloto de la Unidad de Mediaci\u00f3n de la<br>Corporaci\u00f3n de Asistencia Judicial (CAJ), en la cual participaron dirigentes y dirigentas sociales de<br>la comuna de Punta Arenas, adem\u00e1s de personal de Carabineros de Chile.<br>Dicho acto en la Delegaci\u00f3n Presidencial Regional de Magallanes cont\u00f3 con la presencia de la<br>Seremi de Justicia y DD.HH., Michelle Peutat; el Delegado Presidencial Regional, Jos\u00e9 Ruiz; el Jefe<br>de la XII Zona de Carabineros, general Marco Alvarado; la Encargada de Seguridad P\u00fablica, Carla<br>Barrientos; y el Director Regional de la CAJ, Alejandro Donatti.<br>En la oportunidad, la Seremi Michelle Peutat agradeci\u00f3 el apoyo de representantes de<br>organizaciones comunitarias, la Delegaci\u00f3n Presidencia Regional y Carabineros de Chile a esta<br>iniciativa piloto, la cual cont\u00f3 adem\u00e1s con el importante financiamiento por el 8 por ciento del<br>Fondo Nacional de Desarrollo Regional (FNDR 2024), que apunt\u00f3 de manera innovativa a<br>fortalecer la seguridad en los barrios, entregando a la ciudadan\u00eda herramientas de resoluci\u00f3n de<br>conflictos vecinales y comunitarios. Esto, a trav\u00e9s de la figura de un tercero imparcial, \u201cde manera<br>de poder canalizar aquellas incivilidades y faltas que surjan a nivel vecinal, buscando a trav\u00e9s del<br>di\u00e1logo generar opciones de di\u00e1logo entre vecinos, y aportando un componente restaurativo\u201d.<br>Al respecto, Jos\u00e9 Ruiz, Delegado Presidencial Regional, resalt\u00f3 que este proyecto se gest\u00f3 a partir<br>de un diagn\u00f3stico bastante compartido -de una alta tasa de incivilidades en nuestra comuna- en<br>un Consejo Regional de Seguridad P\u00fablica, la que genera tambi\u00e9n la acci\u00f3n de Carabineros,<br>postergando otro tipo de procesos. De ah\u00ed que felicit\u00f3 a la Seremi de Justicia y DD.HH. por levantar<br>esta instancia, as\u00ed como a Carabineros y la CAJ por concretar r\u00e1pidamente un trabajo conjunto con<br>resultados, destacando que \u201cla seguridad p\u00fablica no s\u00f3lo hay que abordarla desde la perspectiva<br>de la persecuci\u00f3n, sino evitar que se llegue a un delito, sumando como importante elemento a la<br>comunidad involucrada, mientras se haga m\u00e1s comunidad hay m\u00e1s seguridad\u201d.<br>Por su parte, el general Marco Alvarado, formul\u00f3 un reconocimiento a los distintos actores<br>involucrados en este interesante proyecto, valorando el poder articular trabajo muy colaborativo,<br>\u201cporque sabemos que el di\u00e1logo es fundamental para mejorar las condiciones de seguridad, y as\u00ed<\/p>\n\n\n\n<p>evitar incivilidades que pueden generar otros hechos que pueden ser lamentables y que nosotros lo<br>vemos d\u00eda a d\u00eda\u201d.<br>Jacqueline Venegas Cerpa, Presidenta de la Junta de Vecinos \u201cGobernador Philippi\u201d, agradeci\u00f3<br>toda la ayuda de la CAJ y el gran equipo que llev\u00f3 adelante esta capacitaci\u00f3n de manera l\u00fadica y<br>din\u00e1mica, la que calific\u00f3 de gran utilidad para afrontar alguna problem\u00e1tica en sus barrios.<br>\u201cQuedamos con gusto a poco y ojal\u00e1 podamos continuar (el pr\u00f3ximo a\u00f1o) en algo m\u00e1s avanzado y<br>no nos dejen a la deriva\u201d, agreg\u00f3.<br>La dirigente Elma D\u00edaz Garrido, de la Junta de Vecinos \u201cNelda Panicucci Bianchi\u201d, valor\u00f3 el poder<br>ocupar esta herramienta de la mediaci\u00f3n no s\u00f3lo en el \u00e1rea comunitaria, sino que en el d\u00eda a d\u00eda,<br>en cualquier momento de la vida, \u201cya sea colegio, familia o el mismo trabajo\u201d, al tomar conciencia<br>que a trav\u00e9s del di\u00e1logo se puede llegar a muchas cosas. Su plena coincidencia al respecto, plante\u00f3<br>Manuel Mu\u00f1oz Guineo, Presidente del Comit\u00e9 de Seguridad Ciudadana y Presidente de la Junta de<br>Vecinos \u201cMu\u00f1oz Gamero\u201d, quien valor\u00f3 esta experiencia y adem\u00e1s el nexo con las autoridades en<br>lo referido a acortar las brechas del conocimiento. \u00c9l espera que esta entrega de herramientas se<br>siga profundizando en niveles m\u00e1s altos.<br>Al respecto, Cristina Montiel Ojeda, Coordinadora de Mediaci\u00f3n de la CAJ, resalt\u00f3 a partir de este<br>proceso formativo el \u201cpoder generar una red de mediadores comunitarios y, en ese contexto, como<br>Centro de Mediaci\u00f3n de la CAJ seguir brindando la asesor\u00eda que corresponde\u201d. A la luz de lo<br>planteado por su Director Regional, Alejandro Donatti, quien vio aqu\u00ed cristalizado el fruto de un<br>proceso de 20 a\u00f1os trabajando en formaci\u00f3n de mediadores, subray\u00f3 el compromiso de \u201c30<br>personas maravillosas, l\u00edderes y lideresas de la comuna de Punta Arenas, con mucha experiencia y<br>manejo, donde pudimos entregar esta herramienta, que es una forma distinta de resolver<br>conflictos y donde potenciamos lo que significa trabajar como equipo: asumir los conflictos,<br>hacerse cargo y responsabilizarse a que las personas puedan sentir empat\u00eda, para poder buscar<br>soluciones y con la claridad de que el di\u00e1logo siempre va a abrir puertas\u201d.<\/p>\n","protected":false},"excerpt":{"rendered":"<p>Con la finalidad de velar por una convivencia pac\u00edfica y, a trav\u00e9s del enfoque preventivo, evitar queeventuales conflictos vecinales escalen, se realiz\u00f3 la ceremonia de certificaci\u00f3n del primer taller deFormaci\u00f3n&#8230; <a class=\"read-more\" href=\"https:\/\/www.radiopresidenteibanez.cl\/web\/certifican-a-mediadores-comunitarios-para-fortalecer-seguridad-en-los-barrios\/\">Leer m\u00e1s<\/a><\/p>\n","protected":false},"author":2,"featured_media":52900,"comment_status":"closed","ping_status":"closed","sticky":false,"template":"","format":"standard","meta":{"footnotes":""},"categories":[1],"tags":[],"class_list":["post-52899","post","type-post","status-publish","format-standard","has-post-thumbnail","hentry","category-cronica"],"_links":{"self":[{"href":"https:\/\/www.radiopresidenteibanez.cl\/web\/wp-json\/wp\/v2\/posts\/52899","targetHints":{"allow":["GET"]}}],"collection":[{"href":"https:\/\/www.radiopresidenteibanez.cl\/web\/wp-json\/wp\/v2\/posts"}],"about":[{"href":"https:\/\/www.radiopresidenteibanez.cl\/web\/wp-json\/wp\/v2\/types\/post"}],"author":[{"embeddable":true,"href":"https:\/\/www.radiopresidenteibanez.cl\/web\/wp-json\/wp\/v2\/users\/2"}],"replies":[{"embeddable":true,"href":"https:\/\/www.radiopresidenteibanez.cl\/web\/wp-json\/wp\/v2\/comments?post=52899"}],"version-history":[{"count":0,"href":"https:\/\/www.radiopresidenteibanez.cl\/web\/wp-json\/wp\/v2\/posts\/52899\/revisions"}],"wp:featuredmedia":[{"embeddable":true,"href":"https:\/\/www.radiopresidenteibanez.cl\/web\/wp-json\/wp\/v2\/media\/52900"}],"wp:attachment":[{"href":"https:\/\/www.radiopresidenteibanez.cl\/web\/wp-json\/wp\/v2\/media?parent=52899"}],"wp:term":[{"taxonomy":"category","embeddable":true,"href":"https:\/\/www.radiopresidenteibanez.cl\/web\/wp-json\/wp\/v2\/categories?post=52899"},{"taxonomy":"post_tag","embeddable":true,"href":"https:\/\/www.radiopresidenteibanez.cl\/web\/wp-json\/wp\/v2\/tags?post=52899"}],"curies":[{"name":"wp","href":"https:\/\/api.w.org\/{rel}","templated":true}]}}