{"id":52893,"date":"2024-12-09T15:13:00","date_gmt":"2024-12-09T18:13:00","guid":{"rendered":"https:\/\/www.radiopresidenteibanez.cl\/web\/?p=52893"},"modified":"2024-12-09T11:11:52","modified_gmt":"2024-12-09T14:11:52","slug":"programa-lazos-un-cambio-real-y-sostenible-para-las-familias","status":"publish","type":"post","link":"https:\/\/www.radiopresidenteibanez.cl\/web\/programa-lazos-un-cambio-real-y-sostenible-para-las-familias\/","title":{"rendered":"Programa Lazos: Un cambio real y sostenible para las Familias"},"content":{"rendered":"\n<p>Con gran satisfacci\u00f3n y optimismo, en dependencias del Liceo Sara Braun, la Delegaci\u00f3n Presidencial Regional celebr\u00f3 el cierre del programa Lazos 2024, iniciativa que ha estado<br>en marcha desde 2023, ofreciendo intervenciones personalizadas e integrales para ni\u00f1os, ni\u00f1as y<br>adolescentes en riesgo. El programa tiene como objetivo desarrollar estrategias para fortalecer a los menores y alejarlos de conductas peligrosas, apoyando a las familias en el proceso.<br>El Delegado Presidencial Regional, Jos\u00e9 Ruiz Pivcevic, manifest\u00f3 su satisfacci\u00f3n por el significado de Lazos, programa de la Subsecretar\u00eda de Prevenci\u00f3n del Delito, ejecutado por la DPR Magallanes: \u201cEstamos muy contentos como Delegaci\u00f3n de haber tomado el programa Lazos, que estamos ejecutando desde el a\u00f1o 2023, y consiste en entregar intervenci\u00f3n, muy personalizada e integral a ni\u00f1os, ni\u00f1as y adolescentes, donde se van desarrollando estrategias y capacidades para fortalecerlos y alejarlos de conductas de riesgo\u201d.<br>Olivia Ojeda, encargada del equipo de intervenci\u00f3n del programa, c\u00f3mo las familias aprovecharon esta oportunidad de apoyo constante y personalizado: \u201cEste cierre es muy motivante, pues vemos que las familias han aprovechado al m\u00e1ximo esta oportunidad de intervenci\u00f3n. A lo largo del proceso, nos adaptamos a sus necesidades y horarios, ofreciendo intervenciones constantes. El impacto en la din\u00e1mica familiar y el cambio en la conducta de los j\u00f3venes son evidentes. Las familias son el coraz\u00f3n del programa, y su progreso nos motiva a seguir adelante en el per\u00edodo 2025\u201d, coment\u00f3 la profesional.<br>Por su parte, Silvana Mu\u00f1oz, Supervisora Cl\u00ednica del Componente de Terapia Multisist\u00e9mica, destac\u00f3 las modalidades de trabajo del programa y c\u00f3mo los resultados obtenidos han generado un ambiente de energ\u00eda renovada tanto en los profesionales como en las familias, expres\u00f3: \u201cEste cierre tiene un valor muy significativo para nosotros como profesionales. Celebramos los avances de las familias en cuanto al desarrollo de habilidades parentales, el fortalecimiento de los v\u00ednculos familiares, y la mejora de su involucramiento en redes de apoyo. En Punta Arenas, donde enfrentamos fen\u00f3menos complejos como la violencia juvenil y el consumo de drogas, ver los resultados positivos del programa Lazos es una gran satisfacci\u00f3n\u201d.<br>Diego Baeza C\u00e1rcamo, Coordinador Local del componente de Parentalidad Positiva, comparti\u00f3 su<br>perspectiva: \u201cEl componente de Parentalidad Positiva se ha enfocado en trabajar tanto con talleres como con intervenciones directas a las familias. La respuesta ha sido muy positiva. Las familias valoran las herramientas adquiridas, y el trabajo conjunto nos ha permitido generar un cambio significativo en la crianza y el bienestar de los ni\u00f1os y adolescentes involucrados\u201d, destac\u00f3 Diego Baeza C\u00e1rcamo.<br>Manuel Ahumada, Terapeuta del Componente de Terapia Multisist\u00e9mica (MST), destac\u00f3 la importancia del trabajo colaborativo: \u201cLo m\u00e1s valioso de este proceso es el trabajo colaborativo. La dedicaci\u00f3n de las familias y el compromiso del equipo han sido claves para lograr cambios significativos. Con una intervenci\u00f3n integral que ha logrado resultados concretos y un notable impacto en la vida de los participantes, el programa Lazos contin\u00faa siendo un pilar fundamental en la regi\u00f3n para la prevenci\u00f3n y el apoyo a las familias. La Delegaci\u00f3n Presidencial Regional reafirma su compromiso con el bienestar de la comunidad y anuncia que el trabajo de<br>intervenci\u00f3n continuar\u00e1 en 2025 con renovado \u00edmpetu. Este resultado es producto del trabajo conjunto y el cari\u00f1o que las familias tienen por sus hijos\u201d, afirm\u00f3 Manuel Ahumada.<\/p>\n\n\n\n<p>Testimonios de Familias:<br>Varios testimonios de familias participantes destacaron el impacto del programa. Una madre coment\u00f3: \u201cEl programa nos brind\u00f3 el apoyo necesario para mejorar nuestra comunicaci\u00f3n familiar, especialmente con nuestra hija adolescente. Nos ense\u00f1\u00f3 a comunicarnos mejor como familia. A veces nos sent\u00edamos perdidos y no sab\u00edamos qu\u00e9 hacer, pero con el apoyo del programa, aprendimos a enfrentar mejor esas situaciones.<br>Tambi\u00e9n estamos muy agradecidos por las herramientas que nos dieron. Nos ayudaron a entender c\u00f3mo ser mejores padres en estos tiempos tan diferentes a los que nosotros vivimos. Gracias a este apoyo, pudimos mejorar como familia y llevar mejor la crianza de nuestros hijos. Hemos aprendido a ser mejores padres y a adaptarnos a los nuevos tiempos.\u201d<br>Otra madre expres\u00f3: \u201cEl apoyo de alguien fuera de la familia, una persona con una calidad humana incre\u00edble.<br>El profesional que nos toc\u00f3 estuvo siempre d\u00e1ndonos apoyo incondicional en las buenas y en las malas. Nos ayud\u00f3 mucho a entender c\u00f3mo tratar con un joven que estaba en la calle y luchaba con la drogadicci\u00f3n.<br>Gracias a \u00e9l, pudimos salir adelante. Mi hijo ya no est\u00e1 en la calle, aunque a\u00fan est\u00e1 en proceso, ha dejado las drogas fuertes y poco a poco va mejorando. Ha aprendido a estar nuevamente en casa. Lo m\u00e1s importante es que, de haber sido un ni\u00f1o con buenos valores, cay\u00f3, pero ahora se est\u00e1 levantando. Agradezco profundamente el apoyo de nuestro coordinador, que ha sido fundamental en todo este proceso..\u201d<br>El Delegado Jos\u00e9 Ruiz reiter\u00f3 el mensaje central del programa Lazos: \u201cEl mensaje que siempre hacemos llegar, es que nadie est\u00e1 exento de haber cometido alg\u00fan error, lo importante es saber levantarse despu\u00e9s y solicitar ayuda. Y ante eso, queremos agradecer a las familias que se acogieron al programa Lazos, por confiar en nosotros y sobre todo agradecer y felicitar el impecable trabajo que realizan los funcionarios y funcionarias del programa\u201d, finaliz\u00f3 la autoridad regional<\/p>\n\n\n\n<p><\/p>\n","protected":false},"excerpt":{"rendered":"<p>Con gran satisfacci\u00f3n y optimismo, en dependencias del Liceo Sara Braun, la Delegaci\u00f3n Presidencial Regional celebr\u00f3 el cierre del programa Lazos 2024, iniciativa que ha estadoen marcha desde 2023, ofreciendo&#8230; <a class=\"read-more\" href=\"https:\/\/www.radiopresidenteibanez.cl\/web\/programa-lazos-un-cambio-real-y-sostenible-para-las-familias\/\">Leer m\u00e1s<\/a><\/p>\n","protected":false},"author":2,"featured_media":52894,"comment_status":"closed","ping_status":"closed","sticky":false,"template":"","format":"standard","meta":{"footnotes":""},"categories":[1],"tags":[],"class_list":["post-52893","post","type-post","status-publish","format-standard","has-post-thumbnail","hentry","category-cronica"],"_links":{"self":[{"href":"https:\/\/www.radiopresidenteibanez.cl\/web\/wp-json\/wp\/v2\/posts\/52893","targetHints":{"allow":["GET"]}}],"collection":[{"href":"https:\/\/www.radiopresidenteibanez.cl\/web\/wp-json\/wp\/v2\/posts"}],"about":[{"href":"https:\/\/www.radiopresidenteibanez.cl\/web\/wp-json\/wp\/v2\/types\/post"}],"author":[{"embeddable":true,"href":"https:\/\/www.radiopresidenteibanez.cl\/web\/wp-json\/wp\/v2\/users\/2"}],"replies":[{"embeddable":true,"href":"https:\/\/www.radiopresidenteibanez.cl\/web\/wp-json\/wp\/v2\/comments?post=52893"}],"version-history":[{"count":0,"href":"https:\/\/www.radiopresidenteibanez.cl\/web\/wp-json\/wp\/v2\/posts\/52893\/revisions"}],"wp:featuredmedia":[{"embeddable":true,"href":"https:\/\/www.radiopresidenteibanez.cl\/web\/wp-json\/wp\/v2\/media\/52894"}],"wp:attachment":[{"href":"https:\/\/www.radiopresidenteibanez.cl\/web\/wp-json\/wp\/v2\/media?parent=52893"}],"wp:term":[{"taxonomy":"category","embeddable":true,"href":"https:\/\/www.radiopresidenteibanez.cl\/web\/wp-json\/wp\/v2\/categories?post=52893"},{"taxonomy":"post_tag","embeddable":true,"href":"https:\/\/www.radiopresidenteibanez.cl\/web\/wp-json\/wp\/v2\/tags?post=52893"}],"curies":[{"name":"wp","href":"https:\/\/api.w.org\/{rel}","templated":true}]}}