{"id":52871,"date":"2024-12-09T08:18:15","date_gmt":"2024-12-09T11:18:15","guid":{"rendered":"https:\/\/www.radiopresidenteibanez.cl\/web\/?p=52871"},"modified":"2024-12-09T08:18:21","modified_gmt":"2024-12-09T11:18:21","slug":"la-reapertura-de-notre-dame","status":"publish","type":"post","link":"https:\/\/www.radiopresidenteibanez.cl\/web\/la-reapertura-de-notre-dame\/","title":{"rendered":"LA REAPERTURA DE NOTRE DAME"},"content":{"rendered":"\n<p>Cuenta la historia, que, durante el reinado de la dinast\u00eda de los Capetos en Francia, durante el siglo XII luego de consolidar su poder, sobre los se\u00f1ores feudales y unificar el reino, decidieron fijar en Paris la capital de su poder\u00edo. En ese contexto se decide construir una catedral que hiciera honor a la creciente importancia del reino franc\u00e9s y fuera un s\u00edmbolo del poder pol\u00edtico, econ\u00f3mico, intelectual y cultural de Par\u00eds en el pa\u00eds y en el mundo. La ciudad se hab\u00eda convertido en el centro del poder en Francia y necesitaba un monumento religioso que estuviera a la altura de su nuevo estatus. Es as\u00ed como se inicia la construcci\u00f3n de la catedral de Notre Dame, en 1163 se pone la primera piedra de la obra, con la presencia del rey Luis VII de Francia, y el Papa Alejandro III. Una obra a cuyo financiamiento contribuyeron masiva y generosamente los s\u00fabditos de todo el<br>reino. La catedral es consagrada a la Virgen Mar\u00eda, madre de Nuestro Salvador Jesucristo, y es nombrada como Nuestra Se\u00f1ora de Par\u00eds. La construcci\u00f3n se extendi\u00f3 por casi doscientos a\u00f1os, siendo el m\u00e1ximo y m\u00e1s bello exponente del per\u00edodo g\u00f3tico, fue testigo de la historia pol\u00edtica de Francia y todas sus vicisitudes.<br>Experiment\u00f3 modificaciones a su estructura, de acuerdo a las decisiones de los reyes de turno, que<br>ordenaban reformas de acuerdo a nuevas tendencias arquitect\u00f3nicas. Es as\u00ed como en el siglo XVII, debido a que el dise\u00f1o inicial limit\u00f3 el tama\u00f1o de las ventanas para soportar el peso del techo, el rey Luis XIV decidi\u00f3 modificar las vidrieras y sepulcros para adaptarlas al estilo Barroco en boga en ese tiempo. Pero la noble construcci\u00f3n tambi\u00e9n sufri\u00f3 saqueos y la destrucci\u00f3n de estatuas y reliquias, durante la revoluci\u00f3n francesa.<br>Una muestra de esa destrucci\u00f3n fue la decapitaci\u00f3n de 28 estatuas de la galer\u00eda de los reyes, en su entrada principal. Se pens\u00f3 que eran reyes de la dinast\u00eda de los Capetos, siendo en realidad representaci\u00f3n de los reyes de Judea. Tras los destrozos y saqueos, la catedral se encontraba en ruinas y sin una sombra de su pasado brillante. Fue Napole\u00f3n Bonaparte, con una visi\u00f3n preclara de la historia, y del valor simb\u00f3lico del templo, decide devolver a Notre Dame, su magnificencia y esplendor. En 1801 Francia suscribe un acuerdo con la Santa Sede, para restaurar la catedral, y devolver el control a la iglesia cat\u00f3lica. Recuperado parte de su esplendor, en 1804, Napole\u00f3n es proclamado emperador en una solemne ceremonia efectuada en Notre Dame.<br>La catedral form\u00f3 parte del entorno de generaciones durante siglos, y fue inspiraci\u00f3n de obras pict\u00f3ricas, algunas de ellas, conservadas en el mismo templo. Pero tambi\u00e9n de obras literarias, como la novela de V\u00edctor Hugo, publicada en 1831, denominada \u201cNuestra Se\u00f1ora de Par\u00eds\u201d, ambientada en la famosa catedral, que tiene por protagonistas a Quasimodo, llamado \u201cel jorobado de Notre Dame\u201d y a Esmeralda. La novela despert\u00f3 un renovado inter\u00e9s por la historia de la catedral, y por su recuperaci\u00f3n.<br>En 1845 se inici\u00f3 un completo proceso de restauraci\u00f3n, inspirado en el estilo neog\u00f3tico, que se extendi\u00f3 por 25 a\u00f1os, se repar\u00f3 ornamentos, se recuper\u00f3 la galer\u00eda de los reyes, se agreg\u00f3 la c\u00e9lebre aguja de 96 metros y se demoli\u00f3 edificios circundantes. Ya en el siglo XX, en 1963 se realizaron trabajos de limpieza, para retirar la capa de holl\u00edn que cubr\u00eda la edificaci\u00f3n, recuperando su color original. Entre los a\u00f1os 1991 y 2000 se realiz\u00f3 un nuevo proceso de restauraci\u00f3n, pero lo complejo y costoso de estas labores impidi\u00f3 su terminaci\u00f3n. Estas tareas se retomaron el a\u00f1o 2019, en el contexto de estos trabajos, se produce el 15 de abril de 2019, un incendio que destruy\u00f3 parte importante de este tesoro de la humanidad.<br>La conmoci\u00f3n en Francia y en todo el mundo, fue tan grande, que el presidente Macr\u00f3n convoc\u00f3 a la naci\u00f3n francesa, y a los ciudadanos del mundo entero, a iniciar su reconstrucci\u00f3n. Personalidades de todos los \u00e1mbitos, y nacionalidades, se pusieron a disposici\u00f3n de la tit\u00e1nica tarea, de reunir los recursos necesarios. Y la naci\u00f3n francesa y los ciudadanos del mundo respondieron el llamado. M\u00e1s de 800 millones de euros fueron reunidos, y se iniciaron los trabajos, que tardaron cinco a\u00f1os. La estructura, destruida se reconstruy\u00f3 de forma id\u00e9ntica. M\u00e1s de mil artesanos, maestros en las t\u00e9cnicas tradicionales para trabajar la madera, talaron cerca<br>de 1.200 robles de los bosques de Par\u00eds, para dar forma a la gran b\u00f3veda de cien metros de largo, 12 metros de luz, 10 metros de alto en la nave y 40 metros de largo en el crucero. Se us\u00f3 las mismas t\u00e9cnicas constructivas de la construcci\u00f3n original. Miles de arquitectos, orfebres, pintores, escultores, arque\u00f3logos, historiadores, y obreros calificados, trabajaron arduamente durante cinco a\u00f1os, para concluir esta obra monumental. En abril de 2019, miles de bomberos arriesgaron sus vidas para contener el incendio desatado, y resguardar las enormes campanas de la catedral, evitando su ca\u00edda, que hubiera provocado el colapso y la p\u00e9rdida total de la construcci\u00f3n.<\/p>\n\n\n\n<p>Este s\u00e1bado 7 de diciembre, en una ceremonia bella y cargada de simbolismo, volvi\u00f3 a abrir sus puertas la catedral consagrada a Nuestra Se\u00f1ora de Par\u00eds. El presidente de Francia Emmanuel Macron, agradeci\u00f3 a la naci\u00f3n francesa y a las millones de personas y empresas, que donaron dinero, y a los miles de bomberos, voluntarios, obreros y profesionales que hicieron posible, reconstruir a catedral. Ante m\u00e1s de cincuenta jefes de estado y personalidades de todo el mundo y mil quinientos invitados.<br>Recargada de ritos milenarios, la ceremonia se inici\u00f3 con la apertura de la denominada \u201cPuerta del Juicio Final\u201d, por tres veces el arzobispo de Par\u00eds, monse\u00f1or Laurent Ulrich, golpe\u00f3 con su cayado la hoja de la izquierda, a cada uno de estos llamados, respondi\u00f3 desde el interior del templo el coro ang\u00e9lico, la puerta s\u00f3lo se abri\u00f3 con el tercer golpe del cayado. Junto al Arzobispo esperaban la apertura de la puerta, el presidente Macron, su esposa Brigitte y la alcaldesa de la capital, Anne Hidalgo. Con la apertura de las puertas, empezaron a repicar alegremente el conjunto de 16 campanas de la catedral, todas ellas con nombres propios asignados a lo largo de los siglos. Contra lo que estaba dispuesto en la organizaci\u00f3n, que contemplaba la realizaci\u00f3n de la ceremonia en el exterior del templo, la existencia de condiciones de lluvia y vientos<br>huracanados, oblig\u00f3 a realizar la ceremonia en el interior. Esto produjo la imagen hist\u00f3rica del presidente Macron, haciendo su discurso en el interior de la catedral, lo que es absolutamente inusual en la Francia laica y republicana. Pero es del todo gusto del presidente Macron, que tiene un gran sentido del cargo que ejerce, y del peso hist\u00f3rico de los ritos, lo que sus detractores, critican, se\u00f1alando que trata de emular a Napole\u00f3n.<br>Fuera de la catedral, y pese al fr\u00edo reinante, una multitud acompa\u00f1\u00f3 la ceremonia a trav\u00e9s de pantallas gigantes.<br>Con la emoci\u00f3n vibrando en sus palabras, el presidente Emmanuel Macr\u00f3n, record\u00f3 el 15 de abril de 2019, \u201cAquella noche, miedo y desgracia se hab\u00edan reunido. El encadenamiento de la mala suerte y el viento del este que se levant\u00f3 en el peor momento elevando las llamas hacia la torre norte\u201d, \u201cLa piedra, la madera, los vitrales\u2026 podr\u00edan haber desaparecido\u201d. E hizo un sentido homenaje a los bomberos, que se hicieron presente para recibir el aplauso de los presentes, \u201cEllos tuvieron el coraje de escalar la fachada, sumergi\u00e9ndose en el fuego para evitar que las 16 campanas cayeran a tierra derrumbando todo el edificio\u201d. \u201cbien podr\u00edamos haber dejado de o\u00edr las campanas para siempre\u201d. A escasos d\u00edas de haber enfrentado en la asamblea nacional la<br>destituci\u00f3n del primer ministro Michel Barnier, el presidente Macron, desliz\u00f3 algunas referencias de corte pol\u00edtico, \u201cNuestras catedrales tambi\u00e9n son mortales\u201d. Sin embargo, \u201coptamos por la voluntad, pusimos rumbo a la esperanza, d\u00e1ndonos el objetivo de reconstruir Notre-Dame todav\u00eda m\u00e1s bella que antes\u201d. \u201cLa catedral es una met\u00e1fora feliz de lo que debe ser una naci\u00f3n y el mundo. Notre-Dame nos dice que nuestros sue\u00f1os, incluso los m\u00e1s audaces, solo son posibles gracias a la voluntad de cada uno y el compromiso de todos. Nos dice hasta qu\u00e9 punto el sentido de la trascendencia nos ayuda a vivir en el mundo\u201d.<br>\u201cLas campanas de Notre-Dame acaban de sonar nuevamente, el \u00f3rgano se despertar\u00e1 en pocos minutos, los fieles vendr\u00e1n a orar, el mundo recuperar\u00e1 la catedral reconstruida y todav\u00eda m\u00e1s bella. Y nosotros deberemos conservar como un tesoro esta lecci\u00f3n de fragilidad, de humildad y de voluntad. Y nunca olvidar cu\u00e1nto cuenta cada uno y c\u00f3mo esta catedral es inseparable del trabajo de todos\u201d.<br>Concluy\u00f3 la ceremonia, con la bendici\u00f3n por monse\u00f1or Ulrich, del gran \u00f3rgano de Notre-Dame, que volvi\u00f3 a sonar otra vez luego de un largo proceso de restauraci\u00f3n. Un bello instrumento de enormes dimensiones, con trece metros de altura y m\u00e1s de 300 a\u00f1os de existencia. La m\u00fasica evoc\u00f3 el esp\u00edritu de siglos transcurridos bajo esas naves, donde generaciones y generaciones de l\u00edderes poderosos, y personas humildes, honraron con su devoci\u00f3n a la patrona de la ciudad.<br>En el patio de la catedral, se efectu\u00f3 un concierto la orquesta filarm\u00f3nica de Radio France, interpretando la Sinfon\u00eda No\u00b0 3 de Saint-Sa\u00ebns, la Sinfon\u00eda No\u00b0 5 de Beethoven, entre otras piezas musicales. La orquesta fue dirigida por el maestro Gustavo Dudamel que estuvo acompa\u00f1ado del reconocido pianista chino Lang Lang, la soprano sudafricana Pretty Yende. Para mi gusto lo m\u00e1s estremecedor fue la declamaci\u00f3n del poema \u201cLe pont\u201d de Victor Hugo, que realiz\u00f3 maravillosamente la actriz Marion Cotillard con el acompa\u00f1amiento del m\u00fasico Yo-Yo Ma. Y para coronar este logro magnifico de la naci\u00f3n francesa, la soprano Nadine Sierra y el coro de La Armada francesa, cantan la \u201cMarsellesa\u201d.<\/p>\n\n\n\n<p>En medio de los tiempos convulsos que vivimos, con guerras en pleno desarrollo, con nuevas crisis<br>internacionales, y noticias alarmantes que nos inquietan d\u00eda a d\u00eda, poder sumergirse en un escenario de belleza sin igual, como la reapertura de la catedral de Notre Dame, es un b\u00e1lsamo para el alma. El profundo respeto y la delicadeza de las interpretaciones art\u00edsticas en homenaje a Nuestra Se\u00f1ora, llenan los corazones de alegr\u00eda. Es posible que muchos de los asistentes a la gran ceremonia, no profesen la religi\u00f3n cat\u00f3lica, y ese hecho, engrandece m\u00e1s aun la obra encabezada por el presidente de la naci\u00f3n francesa, una naci\u00f3n laica, republicana, y profundamente respetuosa de la libertad de culto. Tiene raz\u00f3n el presidente Macron, la reconstrucci\u00f3n de Notre Dame, nos muestra nuestras fragilidades, pero tambi\u00e9n la infinita capacidad que tenemos, de hacer grandes cosas cuando nos unimos, cuando vamos tras un objetivo com\u00fan. All\u00ed radica la esencia de la civilizaci\u00f3n humana, y es la esperanza a la que debemos aferrarnos, en tiempos de soledad, de<br>ego\u00edsmo y de destrucci\u00f3n.<br>Ernesto Sep\u00falveda Tornero<\/p>\n\n\n\n<p><\/p>\n","protected":false},"excerpt":{"rendered":"<p>Cuenta la historia, que, durante el reinado de la dinast\u00eda de los Capetos en Francia, durante el siglo XII luego de consolidar su poder, sobre los se\u00f1ores feudales y unificar&#8230; <a class=\"read-more\" href=\"https:\/\/www.radiopresidenteibanez.cl\/web\/la-reapertura-de-notre-dame\/\">Leer m\u00e1s<\/a><\/p>\n","protected":false},"author":2,"featured_media":52872,"comment_status":"closed","ping_status":"closed","sticky":false,"template":"","format":"standard","meta":{"footnotes":""},"categories":[1],"tags":[],"class_list":["post-52871","post","type-post","status-publish","format-standard","has-post-thumbnail","hentry","category-cronica"],"_links":{"self":[{"href":"https:\/\/www.radiopresidenteibanez.cl\/web\/wp-json\/wp\/v2\/posts\/52871","targetHints":{"allow":["GET"]}}],"collection":[{"href":"https:\/\/www.radiopresidenteibanez.cl\/web\/wp-json\/wp\/v2\/posts"}],"about":[{"href":"https:\/\/www.radiopresidenteibanez.cl\/web\/wp-json\/wp\/v2\/types\/post"}],"author":[{"embeddable":true,"href":"https:\/\/www.radiopresidenteibanez.cl\/web\/wp-json\/wp\/v2\/users\/2"}],"replies":[{"embeddable":true,"href":"https:\/\/www.radiopresidenteibanez.cl\/web\/wp-json\/wp\/v2\/comments?post=52871"}],"version-history":[{"count":0,"href":"https:\/\/www.radiopresidenteibanez.cl\/web\/wp-json\/wp\/v2\/posts\/52871\/revisions"}],"wp:featuredmedia":[{"embeddable":true,"href":"https:\/\/www.radiopresidenteibanez.cl\/web\/wp-json\/wp\/v2\/media\/52872"}],"wp:attachment":[{"href":"https:\/\/www.radiopresidenteibanez.cl\/web\/wp-json\/wp\/v2\/media?parent=52871"}],"wp:term":[{"taxonomy":"category","embeddable":true,"href":"https:\/\/www.radiopresidenteibanez.cl\/web\/wp-json\/wp\/v2\/categories?post=52871"},{"taxonomy":"post_tag","embeddable":true,"href":"https:\/\/www.radiopresidenteibanez.cl\/web\/wp-json\/wp\/v2\/tags?post=52871"}],"curies":[{"name":"wp","href":"https:\/\/api.w.org\/{rel}","templated":true}]}}