{"id":52855,"date":"2024-12-06T10:12:00","date_gmt":"2024-12-06T13:12:00","guid":{"rendered":"https:\/\/www.radiopresidenteibanez.cl\/web\/?p=52855"},"modified":"2024-12-06T08:50:04","modified_gmt":"2024-12-06T11:50:04","slug":"agricultoras-de-la-patagonia-se-capacitan-en-tecnicas-avanzadas-para-una-produccion-mas-sostenible","status":"publish","type":"post","link":"https:\/\/www.radiopresidenteibanez.cl\/web\/agricultoras-de-la-patagonia-se-capacitan-en-tecnicas-avanzadas-para-una-produccion-mas-sostenible\/","title":{"rendered":"Agricultoras de la Patagonia se capacitan en t\u00e9cnicas avanzadas para una producci\u00f3n m\u00e1s sostenible"},"content":{"rendered":"\n<p>En un rinc\u00f3n emblem\u00e1tico de la regi\u00f3n, el Instituto de la Patagonia de la Universidad de<br>Magallanes, decenas de agricultores se congregaron para participar en un taller<br>enriquecedor que marc\u00f3 un hito en su formaci\u00f3n y empoderamiento agr\u00edcola. La<br>capacitaci\u00f3n, enfocada en la elaboraci\u00f3n y aplicaci\u00f3n de fertilizantes biol\u00f3gicos y el<br>manejo postcosecha, fue liderada por los reconocidos expertos Eraldo Carvacho y Juan<br>Ca\u00f1umir, quienes combinan teor\u00eda y pr\u00e1ctica para abordar los desaf\u00edos actuales de la<br>producci\u00f3n sostenible.<br>Las agricultoras, provenientes de diversos sectores rurales y periurbanos, escuchaban<br>atentamente cada explicaci\u00f3n t\u00e9cnica mientras tomaban notas o participaban<br>activamente en los ejercicios pr\u00e1cticos. El taller, adem\u00e1s de ser un espacio de<br>aprendizaje, se convirti\u00f3 en un punto de encuentro para compartir experiencias y<br>fortalecer la red de apoyo entre quienes trabajan la tierra.<br>La actividad cont\u00f3 con la presencia de la Seremi de Agricultura, Irene Ram\u00edrez, quien<br>destac\u00f3 el papel protag\u00f3nico de las mujeres en el desarrollo del sector agroalimentario<br>y enfatiz\u00f3 la importancia de iniciativas como el Programa Territorial Integrado (PTI)<br>Agroalimentos de Magallanes \u201cEste programa busca, aumentar la escala y<br>encadenamiento productivos de los de los peque\u00f1os agricultores, capacitando y<br>fortaleciendo sus procesos de post cosechas, empaquetamiento y comercializaci\u00f3n,<br>contribuyendo al desarrollo econ\u00f3mico y social de la regi\u00f3n\u201d, dijo la m\u00e1xima autoridad<br>del agro en Magallanes.<br>Luis Obando, gerente del Programa PTI de Corfo, destac\u00f3 que se realizaron a cabo<br>dos talleres, el primero en Puerto Natales y el segundo en Punta Arenas, con el<br>objetivo de que las agricultoras ampl\u00eden sus conocimientos y perfeccionen sus t\u00e9cnicas<br>en agroecolog\u00eda. Estos talleres abordan temas como el manejo de plagas y<br>enfermedades, promoviendo la elaboraci\u00f3n de controladores biol\u00f3gicos a partir de<br>productos locales.<br>\u00abPara ello, contamos con la participaci\u00f3n de dos expertos con amplia experiencia en<br>transferencia de conocimientos en otras regiones, quienes adaptaron t\u00e9cnicas de bajo<br>costo utilizando materias primas propias de la zona\u00bb, se\u00f1al\u00f3 Obando. Adem\u00e1s, subray\u00f3<br>el \u00e9xito de estas instancias, tanto por la alta convocatoria como por el inter\u00e9s y la activa<br>participaci\u00f3n de las participantes.<br>Este programa de Agroalimentos de Magallanes permite articular a los actores p\u00fablicos<br>y privados del sector, en cuya gobernanza participan los servicios del agro como<br>INDAP, INIA y la Seremi de Agricultura entre otros.<\/p>\n","protected":false},"excerpt":{"rendered":"<p>En un rinc\u00f3n emblem\u00e1tico de la regi\u00f3n, el Instituto de la Patagonia de la Universidad deMagallanes, decenas de agricultores se congregaron para participar en un tallerenriquecedor que marc\u00f3 un hito&#8230; <a class=\"read-more\" href=\"https:\/\/www.radiopresidenteibanez.cl\/web\/agricultoras-de-la-patagonia-se-capacitan-en-tecnicas-avanzadas-para-una-produccion-mas-sostenible\/\">Leer m\u00e1s<\/a><\/p>\n","protected":false},"author":2,"featured_media":52856,"comment_status":"closed","ping_status":"closed","sticky":false,"template":"","format":"standard","meta":{"footnotes":""},"categories":[1],"tags":[],"class_list":["post-52855","post","type-post","status-publish","format-standard","has-post-thumbnail","hentry","category-cronica"],"_links":{"self":[{"href":"https:\/\/www.radiopresidenteibanez.cl\/web\/wp-json\/wp\/v2\/posts\/52855","targetHints":{"allow":["GET"]}}],"collection":[{"href":"https:\/\/www.radiopresidenteibanez.cl\/web\/wp-json\/wp\/v2\/posts"}],"about":[{"href":"https:\/\/www.radiopresidenteibanez.cl\/web\/wp-json\/wp\/v2\/types\/post"}],"author":[{"embeddable":true,"href":"https:\/\/www.radiopresidenteibanez.cl\/web\/wp-json\/wp\/v2\/users\/2"}],"replies":[{"embeddable":true,"href":"https:\/\/www.radiopresidenteibanez.cl\/web\/wp-json\/wp\/v2\/comments?post=52855"}],"version-history":[{"count":0,"href":"https:\/\/www.radiopresidenteibanez.cl\/web\/wp-json\/wp\/v2\/posts\/52855\/revisions"}],"wp:featuredmedia":[{"embeddable":true,"href":"https:\/\/www.radiopresidenteibanez.cl\/web\/wp-json\/wp\/v2\/media\/52856"}],"wp:attachment":[{"href":"https:\/\/www.radiopresidenteibanez.cl\/web\/wp-json\/wp\/v2\/media?parent=52855"}],"wp:term":[{"taxonomy":"category","embeddable":true,"href":"https:\/\/www.radiopresidenteibanez.cl\/web\/wp-json\/wp\/v2\/categories?post=52855"},{"taxonomy":"post_tag","embeddable":true,"href":"https:\/\/www.radiopresidenteibanez.cl\/web\/wp-json\/wp\/v2\/tags?post=52855"}],"curies":[{"name":"wp","href":"https:\/\/api.w.org\/{rel}","templated":true}]}}