{"id":5285,"date":"2019-06-22T20:04:47","date_gmt":"2019-06-22T20:04:47","guid":{"rendered":"http:\/\/www.radiopresidenteibanez.cl\/web\/?p=5285"},"modified":"2019-06-22T20:05:11","modified_gmt":"2019-06-22T20:05:11","slug":"fiscales-expusieron-ante-el-consejo-regional-de-seguridad-publica-sobre-los-delitos-sexuales-y-la-ley-de-drogas","status":"publish","type":"post","link":"https:\/\/www.radiopresidenteibanez.cl\/web\/fiscales-expusieron-ante-el-consejo-regional-de-seguridad-publica-sobre-los-delitos-sexuales-y-la-ley-de-drogas\/","title":{"rendered":"FISCALES EXPUSIERON ANTE EL CONSEJO REGIONAL DE SEGURIDAD P\u00daBLICA SOBRE LOS DELITOS SEXUALES Y LA LEY DE DROGAS"},"content":{"rendered":"\n<table class=\"wp-block-table\"><tbody><tr><td>\n  Delitos sexuales e Infracciones a la Ley de\n  drogas fueron las tem\u00e1ticas abordadas por los fiscales adjuntos de Punta\n  Arenas, Wendoline Acu\u00f1a Aliaga y Manuel Soto Basauren, ante &nbsp;los miembros del Consejo Regional de\n  Seguridad P\u00fablica de Magallanes.\n  La actividad, realizada\n  en el sal\u00f3n Nelda Panicucci de la Intendencia, fue\n  fruto de un compromiso adquirido por el Fiscal Eugenio Campos Lucero,&nbsp; ante el Consejo Regional, en el Marco del\n  Plan&nbsp; Regional de Seguridad P\u00fablica.\n  &nbsp;&nbsp;\n  <\/td><\/tr><\/tbody><\/table>\n\n\n\n<p> Cabe indicar que el Consejo Regional de Seguridad P\u00fablica es presidido por el Intendente Regional, \u00a0Jos\u00e9 Fern\u00e1ndez D\u00fcbrock y la Coordinadora Regional de Seguridad P\u00fablica, Jennifer Rojas Garc\u00eda, como Secretaria Ejecutiva y\u00a0 est\u00e1 \u00a0integrado por los m\u00e1ximos representantes del Poder Judicial; de la Fiscal\u00eda; de las Gobernaciones Provinciales; de las Alcald\u00edas; de Carabineros de Chile; de la Polic\u00eda de Investigaciones, PDI; de la Seremia de Justicia y Derechos Humanos; de la Defensor\u00eda Penal P\u00fablica; del \u00a0Servicio Nacional para la Prevenci\u00f3n y Rehabilitaci\u00f3n del Consumo de Drogas y Alcohol, SENDA; del Servicio Nacional de la Mujer y Equidad de G\u00e9nero, Sernameg; del Servicio Nacional de Menores, Sename; de Gendarmer\u00eda y del Centro de Apoyo a V\u00edctimas de Delitos.  <\/p>\n\n\n\n<figure class=\"wp-block-image\"><img loading=\"lazy\" decoding=\"async\" width=\"1024\" height=\"682\" src=\"https:\/\/www.radiopresidenteibanez.cl\/web\/wp-content\/uploads\/2019\/06\/IMG_6863-1024x682.jpg\" alt=\"\" class=\"wp-image-5286\" srcset=\"https:\/\/www.radiopresidenteibanez.cl\/web\/wp-content\/uploads\/2019\/06\/IMG_6863-1024x682.jpg 1024w, https:\/\/www.radiopresidenteibanez.cl\/web\/wp-content\/uploads\/2019\/06\/IMG_6863-300x200.jpg 300w, https:\/\/www.radiopresidenteibanez.cl\/web\/wp-content\/uploads\/2019\/06\/IMG_6863-768x512.jpg 768w, https:\/\/www.radiopresidenteibanez.cl\/web\/wp-content\/uploads\/2019\/06\/IMG_6863.jpg 1037w\" sizes=\"auto, (max-width: 1024px) 100vw, 1024px\" \/><\/figure>\n","protected":false},"excerpt":{"rendered":"<p>Delitos sexuales e Infracciones a la Ley de drogas fueron las tem\u00e1ticas abordadas por los fiscales adjuntos de Punta Arenas, Wendoline Acu\u00f1a Aliaga y Manuel Soto Basauren, ante &nbsp;los miembros&#8230; <a class=\"read-more\" href=\"https:\/\/www.radiopresidenteibanez.cl\/web\/fiscales-expusieron-ante-el-consejo-regional-de-seguridad-publica-sobre-los-delitos-sexuales-y-la-ley-de-drogas\/\">Leer m\u00e1s<\/a><\/p>\n","protected":false},"author":2,"featured_media":5286,"comment_status":"closed","ping_status":"closed","sticky":false,"template":"","format":"standard","meta":{"footnotes":""},"categories":[1],"tags":[],"class_list":["post-5285","post","type-post","status-publish","format-standard","has-post-thumbnail","hentry","category-cronica"],"_links":{"self":[{"href":"https:\/\/www.radiopresidenteibanez.cl\/web\/wp-json\/wp\/v2\/posts\/5285","targetHints":{"allow":["GET"]}}],"collection":[{"href":"https:\/\/www.radiopresidenteibanez.cl\/web\/wp-json\/wp\/v2\/posts"}],"about":[{"href":"https:\/\/www.radiopresidenteibanez.cl\/web\/wp-json\/wp\/v2\/types\/post"}],"author":[{"embeddable":true,"href":"https:\/\/www.radiopresidenteibanez.cl\/web\/wp-json\/wp\/v2\/users\/2"}],"replies":[{"embeddable":true,"href":"https:\/\/www.radiopresidenteibanez.cl\/web\/wp-json\/wp\/v2\/comments?post=5285"}],"version-history":[{"count":0,"href":"https:\/\/www.radiopresidenteibanez.cl\/web\/wp-json\/wp\/v2\/posts\/5285\/revisions"}],"wp:featuredmedia":[{"embeddable":true,"href":"https:\/\/www.radiopresidenteibanez.cl\/web\/wp-json\/wp\/v2\/media\/5286"}],"wp:attachment":[{"href":"https:\/\/www.radiopresidenteibanez.cl\/web\/wp-json\/wp\/v2\/media?parent=5285"}],"wp:term":[{"taxonomy":"category","embeddable":true,"href":"https:\/\/www.radiopresidenteibanez.cl\/web\/wp-json\/wp\/v2\/categories?post=5285"},{"taxonomy":"post_tag","embeddable":true,"href":"https:\/\/www.radiopresidenteibanez.cl\/web\/wp-json\/wp\/v2\/tags?post=5285"}],"curies":[{"name":"wp","href":"https:\/\/api.w.org\/{rel}","templated":true}]}}