{"id":52840,"date":"2024-12-05T15:17:00","date_gmt":"2024-12-05T18:17:00","guid":{"rendered":"https:\/\/www.radiopresidenteibanez.cl\/web\/?p=52840"},"modified":"2024-12-05T11:00:30","modified_gmt":"2024-12-05T14:00:30","slug":"minvu-llama-a-postular-al-primer-llamado-regional-del-subsidio-de-arriendo-dirigido-a-sectores-medios","status":"publish","type":"post","link":"https:\/\/www.radiopresidenteibanez.cl\/web\/minvu-llama-a-postular-al-primer-llamado-regional-del-subsidio-de-arriendo-dirigido-a-sectores-medios\/","title":{"rendered":"MINVU llama a postular al Primer Llamado Regional del Subsidio de Arriendo dirigido a sectores medios"},"content":{"rendered":"\n<p>Hasta el viernes 13 de diciembre se encuentran abiertas las postulaciones al Primer llamado Regional del Subsidio de Arriendo (D.S.N\u00b052) destinado a familias de sectores medios residentes en Magallanes y la Ant\u00e1rtica Chilena.<\/p>\n\n\n\n<p>La iniciativa busca apoyar a grupos familiares que no cuenten con propiedad ni subsidio habitacional otorgado y puedan realizar el copago por arriendo de una vivienda.<\/p>\n\n\n\n<p>El Seremi de vivienda y Urbanismo, Marco Uribe Saldivia, destac\u00f3 \u201cSabemos que en Magallanes son los sectores medios los que presentan un mayor d\u00e9ficit de vivienda, es por esto que gracias al Plan de Emergencia Habitacional, generamos llamados espec\u00edficos que se adec\u00faan a las condiciones socioecon\u00f3micas y valores de arriendo de nuestra Regi\u00f3n\u201d.<\/p>\n\n\n\n<p>Este planteamiento se realiz\u00f3 al nivel central del MINVU solicitando autorizar a la Secretar\u00eda Regional Ministerial, un llamado regional con 150 cupos, que representan un presupuesto sectorial de 31.950 UF.<\/p>\n\n\n\n<p>El Llamado especial asignar\u00e1 un subsidio total m\u00e1ximo que oscila entre las 183 y 213 UF ($6.954.000 a $8.094.000 pesos, aproximadamente). Dicho monto se puede usar de manera consecutiva o fragmentada en un plazo m\u00e1ximo de 8 a\u00f1os.<\/p>\n\n\n\n<p>Por su parte, el Director Regional del Serviu, Omar Gonz\u00e1lez Asenjo, dio cuenta que ya est\u00e1n siendo revisadas las postulaciones que se recibieron hasta el 20 de noviembre, cuya n\u00f3mina de personas seleccionadas, se publicar\u00e1 en los pr\u00f3ximos d\u00edas.<\/p>\n\n\n\n<p>\u201cHacemos un llamado a las personas que cuentan con n\u00facleo familiar y cumplan los requisitos de este programa a acercarse con su documentaci\u00f3n a las oficinas de la OIRS del Serviu tanto en Punta Arenas como en Puerto Natales, de lunes a viernes de 08:30 a 12:30 horas\u201d, indic\u00f3 Omar Gonz\u00e1lez.<\/p>\n\n\n\n<p>La siguiente tabla indica los montos m\u00e1ximos de subsidio definidos seg\u00fan el porcentaje de vulnerabilidad:<\/p>\n\n\n\n<figure class=\"wp-block-table\"><table class=\"has-fixed-layout\"><tbody><tr><td><strong>PORCENTAJE DE VULNERABILIDAD<\/strong><\/td><td><\/td><td><strong>MONTO SUBSIDIO TOTAL (UF)<\/strong><\/td><td><\/td><\/tr><tr><td>40%<\/td><td><\/td><td>213<\/td><td><\/td><\/tr><tr><td>50%<\/td><td><\/td><td>208<\/td><td><\/td><\/tr><tr><td>60%<\/td><td><\/td><td>203<\/td><td><\/td><\/tr><tr><td>70%<\/td><td><\/td><td>198<\/td><td><\/td><\/tr><tr><td>80%<\/td><td><\/td><td>193<\/td><td><\/td><\/tr><tr><td>90%<\/td><td><\/td><td>188<\/td><td><\/td><\/tr><tr><td>100%<\/td><td><\/td><td>183<\/td><td><\/td><\/tr><\/tbody><\/table><\/figure>\n\n\n\n<p><strong>Requisitos de postulaci\u00f3n<\/strong><strong><\/strong><\/p>\n\n\n\n<p>Los requisitos de postulaci\u00f3n son estar inscrito en el Registro Social de Hogares (RSH). tener m\u00ednimo 18 a\u00f1os de edad, contar con c\u00e9dula de identidad vigente, postular al menos con su c\u00f3nyuge, conviviente civil, conviviente o hijo\/a. Los postulantes mayores de 60 a\u00f1os pueden postular sin n\u00facleo familiar.<\/p>\n\n\n\n<p>Se debe acreditar un ingreso m\u00e1ximo de 50 UF mensuales el que se podr\u00e1 incrementar en 10 UF por cada integrante del grupo familiar que exceda de tres personas. En cuanto al valor m\u00e1ximo del contrato de arriendo, este no deber\u00e1 superar las 17UF mensuales, seg\u00fan valor calculado en la fecha de suscripci\u00f3n del contrato.<\/p>\n\n\n\n<p>Los antecedentes que se deben adjuntar a la postulaci\u00f3n son: copia de c\u00e9dula de identidad, cartola del banco donde conste ahorro de<strong>&nbsp;<\/strong>4 UF (calculadas al 30 de septiembre) y&nbsp;<strong><u>documentos que acrediten ingreso mensual del grupo familiar<\/u><\/strong>. Dichos ingresos se pueden demostrar mediante la presentaci\u00f3n de uno m\u00e1s de los siguientes documentos: Informe de Impuestos Internos que acrediten seis \u00faltimos meses de ingresos a honorarios; seis \u00faltimas liquidaciones de sueldo; certificado de pago de cotizaciones previsionales y de pago de cotizaciones de Fonasa o Isapre; comprobante de pago de pensiones de invalidez, vejez o sobrevivencia; documento que acredite pensi\u00f3n de alimentos; carpeta tributaria electr\u00f3nica del contribuyente; comprobante de pago del Subsidio \u00danico Familiar; antecedente que d\u00e9 cuenta de un subsidio o subvenci\u00f3n otorgada por un organismo p\u00fablico y que consista en una transferencia de dinero permanente en el tiempo.<\/p>\n\n\n\n<p>El presente llamado exime a los postulantes de la prohibici\u00f3n a estar postulando a otro programa habitacional respecto del programa Fondo Solidario de Elecci\u00f3n de Vivienda (D.S.N\u00b049) o del Programa para sectores medios y emergentes&nbsp;<\/p>\n","protected":false},"excerpt":{"rendered":"<p>Hasta el viernes 13 de diciembre se encuentran abiertas las postulaciones al Primer llamado Regional del Subsidio de Arriendo (D.S.N\u00b052) destinado a familias de sectores medios residentes en Magallanes y&#8230; <a class=\"read-more\" href=\"https:\/\/www.radiopresidenteibanez.cl\/web\/minvu-llama-a-postular-al-primer-llamado-regional-del-subsidio-de-arriendo-dirigido-a-sectores-medios\/\">Leer m\u00e1s<\/a><\/p>\n","protected":false},"author":2,"featured_media":52841,"comment_status":"closed","ping_status":"closed","sticky":false,"template":"","format":"standard","meta":{"footnotes":""},"categories":[1],"tags":[],"class_list":["post-52840","post","type-post","status-publish","format-standard","has-post-thumbnail","hentry","category-cronica"],"_links":{"self":[{"href":"https:\/\/www.radiopresidenteibanez.cl\/web\/wp-json\/wp\/v2\/posts\/52840","targetHints":{"allow":["GET"]}}],"collection":[{"href":"https:\/\/www.radiopresidenteibanez.cl\/web\/wp-json\/wp\/v2\/posts"}],"about":[{"href":"https:\/\/www.radiopresidenteibanez.cl\/web\/wp-json\/wp\/v2\/types\/post"}],"author":[{"embeddable":true,"href":"https:\/\/www.radiopresidenteibanez.cl\/web\/wp-json\/wp\/v2\/users\/2"}],"replies":[{"embeddable":true,"href":"https:\/\/www.radiopresidenteibanez.cl\/web\/wp-json\/wp\/v2\/comments?post=52840"}],"version-history":[{"count":0,"href":"https:\/\/www.radiopresidenteibanez.cl\/web\/wp-json\/wp\/v2\/posts\/52840\/revisions"}],"wp:featuredmedia":[{"embeddable":true,"href":"https:\/\/www.radiopresidenteibanez.cl\/web\/wp-json\/wp\/v2\/media\/52841"}],"wp:attachment":[{"href":"https:\/\/www.radiopresidenteibanez.cl\/web\/wp-json\/wp\/v2\/media?parent=52840"}],"wp:term":[{"taxonomy":"category","embeddable":true,"href":"https:\/\/www.radiopresidenteibanez.cl\/web\/wp-json\/wp\/v2\/categories?post=52840"},{"taxonomy":"post_tag","embeddable":true,"href":"https:\/\/www.radiopresidenteibanez.cl\/web\/wp-json\/wp\/v2\/tags?post=52840"}],"curies":[{"name":"wp","href":"https:\/\/api.w.org\/{rel}","templated":true}]}}