{"id":52837,"date":"2024-12-05T10:55:37","date_gmt":"2024-12-05T13:55:37","guid":{"rendered":"https:\/\/www.radiopresidenteibanez.cl\/web\/?p=52837"},"modified":"2024-12-05T10:55:44","modified_gmt":"2024-12-05T13:55:44","slug":"delegacion-presidencial-coordina-acciones-de-seguridad-y-prevencion-para-las-celebraciones-de-fin-de-ano-en-la-region","status":"publish","type":"post","link":"https:\/\/www.radiopresidenteibanez.cl\/web\/delegacion-presidencial-coordina-acciones-de-seguridad-y-prevencion-para-las-celebraciones-de-fin-de-ano-en-la-region\/","title":{"rendered":"Delegaci\u00f3n Presidencial coordina acciones de seguridad y prevenci\u00f3n para las celebraciones de fin de a\u00f1o en la regi\u00f3n"},"content":{"rendered":"\n<p>Este mi\u00e9rcoles 4 de diciembre, el Delegado Presidencial Regional, Jos\u00e9 Ruiz Pivcevic, encabez\u00f3 una reuni\u00f3n estrat\u00e9gica con diversas instituciones locales para coordinar las medidas de seguridad y prevenci\u00f3n que se implementar\u00e1n en la regi\u00f3n durante las celebraciones de fin de a\u00f1o. El Plan de Fin de A\u00f1o, es un esfuerzo conjunto tiene como objetivo garantizar el bienestar de la ciudadan\u00eda y promover un ambiente seguro durante todas las festividades.<br>En el encuentro se discutieron temas cruciales, como la autorizaci\u00f3n de ferias y eventos,<br>fiscalizaciones, el despliegue de efectivos policiales, y la implementaci\u00f3n de medidas de seguridad<br>para asegurar que las celebraciones se lleven a cabo de manera ordenada. Adem\u00e1s, se hizo un<br>llamado a la prevenci\u00f3n, instando a la ciudadan\u00eda a seguir las recomendaciones y normas de<br>seguridad para evitar accidentes o situaciones que puedan poner en riesgo la tranquilidad p\u00fablica.<br>El Delegado Presidencial Regional destac\u00f3 que durante este mes de diciembre se realizar\u00e1n<br>diversas fiscalizaciones, enfocadas especialmente en la seguridad vial, con un \u00e9nfasis en el<br>consumo de alcohol, que puede derivar en tragedias. Tambi\u00e9n se llevar\u00e1n a cabo controles en<br>carnicer\u00edas y en los billetes de circulaci\u00f3n, as\u00ed como medidas para prevenir el abigeato, que<br>preocupa especialmente a las comunas rurales.<br>Llamado a la responsabilidad ciudadana y autocuidado<br>\u201cLo que buscamos es coordinar los servicios p\u00fablicos para estas fechas, con un fuerte \u00e9nfasis en la<br>prevenci\u00f3n. Hacemos un llamado al autocuidado, especialmente en actividades como los asados y<br>fogatas, que, en lugares secos, incrementan el riesgo de incendios forestales. Es crucial activar<br>sistemas de alerta temprana y movilizar los recursos necesarios, pero la colaboraci\u00f3n de la<br>comunidad es fundamental. La coordinaci\u00f3n institucional es clave, pero tambi\u00e9n es esencial que<br>cada persona asuma su responsabilidad para evitar situaciones de riesgo\u201d, subray\u00f3 el Delegado<br>Ruiz.<br>Adem\u00e1s, enfatiz\u00f3 la importancia de que los organizadores de eventos los formalicen, a fin de<br>garantizar la seguridad de los asistentes. \u201cEl llamado a la comunidad es acudir a eventos oficiales,<br>que cuentan con planes de evacuaci\u00f3n, seguridad reforzada y fiscalizaciones sanitarias, lo que<br>brinda mayor seguridad a la poblaci\u00f3n\u201d, agreg\u00f3.<br>Compromiso de Carabineros y otras instituciones<br>En l\u00ednea con las declaraciones del Delegado, el General de Carabineros, Marco Antonio Alvarado<br>D\u00edaz, reafirm\u00f3 la importancia de velar por el bienestar de la ciudadan\u00eda. \u201cNuestro objetivo es<br>coordinar los esfuerzos para este fin de a\u00f1o, con \u00e9nfasis en el autocuidado, la responsabilidad en el consumo de alcohol, y en la prevenci\u00f3n de incendios y accidentes. Adem\u00e1s, hemos desplegado<br>servicios preventivos, especialmente considerando el aumento de turistas, como los cruceros y los<br>viajeros que se dirigen a Torres del Paine\u201d, coment\u00f3 el General.<\/p>\n\n\n\n<p>El General tambi\u00e9n mencion\u00f3 que, como parte de los esfuerzos preventivos, se inaugurar\u00e1 una<br>Tenencia temporal en Torres del Paine y se instalar\u00e1 una avanzada en Dixon a partir del 2 de<br>enero, para apoyar los servicios preventivos en la regi\u00f3n, que se espera reciban entre 300.000 y<br>350.000 personas.<br>Compromiso interinstitucional por la seguridad<br>La reuni\u00f3n cont\u00f3 adem\u00e1s, con la participaci\u00f3n de Delegados\/a Presidenciales Provinciales,<br>Guillermo Ruiz Santana, Constanza Calisto Gallardo, Jos\u00e9 Miguel Campos, representantes de<br>Carabineros, Prefecta Karen Hern\u00e1ndez, jefa de la Prefectura Provincial Magallanes de Polic\u00eda de<br>Investigaciones (PDI), la Coordinadora de Seguridad P\u00fablica, Carla Barrientos, la Seremi de Salud,<br>Francisca Sanfuentes, la Seremi de Transportes, Rodrigo Hern\u00e1ndez, la Seremi de Obras P\u00fablicas,<br>Jos\u00e9 Luis Hern\u00e1ndez, la Seremi de la Mujer y Equidad de G\u00e9nero, Directora de SENDA, Lorena<br>Guala, Director (s) SENAPRED, Luis Calixto, SERNAC y el SAG.<br>En conclusi\u00f3n, este encuentro reafirm\u00f3 el compromiso de las instituciones del Estado para<br>garantizar que las festividades de fin de a\u00f1o se desarrollen en un ambiente seguro, respetando las<br>normativas y promoviendo el bienestar colectivo.<\/p>\n","protected":false},"excerpt":{"rendered":"<p>Este mi\u00e9rcoles 4 de diciembre, el Delegado Presidencial Regional, Jos\u00e9 Ruiz Pivcevic, encabez\u00f3 una reuni\u00f3n estrat\u00e9gica con diversas instituciones locales para coordinar las medidas de seguridad y prevenci\u00f3n que se&#8230; <a class=\"read-more\" href=\"https:\/\/www.radiopresidenteibanez.cl\/web\/delegacion-presidencial-coordina-acciones-de-seguridad-y-prevencion-para-las-celebraciones-de-fin-de-ano-en-la-region\/\">Leer m\u00e1s<\/a><\/p>\n","protected":false},"author":2,"featured_media":52838,"comment_status":"closed","ping_status":"closed","sticky":false,"template":"","format":"standard","meta":{"footnotes":""},"categories":[1],"tags":[],"class_list":["post-52837","post","type-post","status-publish","format-standard","has-post-thumbnail","hentry","category-cronica"],"_links":{"self":[{"href":"https:\/\/www.radiopresidenteibanez.cl\/web\/wp-json\/wp\/v2\/posts\/52837","targetHints":{"allow":["GET"]}}],"collection":[{"href":"https:\/\/www.radiopresidenteibanez.cl\/web\/wp-json\/wp\/v2\/posts"}],"about":[{"href":"https:\/\/www.radiopresidenteibanez.cl\/web\/wp-json\/wp\/v2\/types\/post"}],"author":[{"embeddable":true,"href":"https:\/\/www.radiopresidenteibanez.cl\/web\/wp-json\/wp\/v2\/users\/2"}],"replies":[{"embeddable":true,"href":"https:\/\/www.radiopresidenteibanez.cl\/web\/wp-json\/wp\/v2\/comments?post=52837"}],"version-history":[{"count":0,"href":"https:\/\/www.radiopresidenteibanez.cl\/web\/wp-json\/wp\/v2\/posts\/52837\/revisions"}],"wp:featuredmedia":[{"embeddable":true,"href":"https:\/\/www.radiopresidenteibanez.cl\/web\/wp-json\/wp\/v2\/media\/52838"}],"wp:attachment":[{"href":"https:\/\/www.radiopresidenteibanez.cl\/web\/wp-json\/wp\/v2\/media?parent=52837"}],"wp:term":[{"taxonomy":"category","embeddable":true,"href":"https:\/\/www.radiopresidenteibanez.cl\/web\/wp-json\/wp\/v2\/categories?post=52837"},{"taxonomy":"post_tag","embeddable":true,"href":"https:\/\/www.radiopresidenteibanez.cl\/web\/wp-json\/wp\/v2\/tags?post=52837"}],"curies":[{"name":"wp","href":"https:\/\/api.w.org\/{rel}","templated":true}]}}