{"id":52825,"date":"2024-12-05T10:23:59","date_gmt":"2024-12-05T13:23:59","guid":{"rendered":"https:\/\/www.radiopresidenteibanez.cl\/web\/?p=52825"},"modified":"2024-12-05T10:24:07","modified_gmt":"2024-12-05T13:24:07","slug":"consejero-regional-reclama-retraso-en-subsidios-de-transporte-aereo-y-maritimo-para-tierra-del-fuego","status":"publish","type":"post","link":"https:\/\/www.radiopresidenteibanez.cl\/web\/consejero-regional-reclama-retraso-en-subsidios-de-transporte-aereo-y-maritimo-para-tierra-del-fuego\/","title":{"rendered":"Consejero regional reclama retraso en subsidios de transporte a\u00e9reo y mar\u00edtimo para Tierra del Fuego"},"content":{"rendered":"\n<p>El consejero regional por Tierra del Fuego, Rodolfo C\u00e1rdenas, ha manifestado p\u00fablicamente su preocupaci\u00f3n por el retraso en la entrega de subsidios para el transporte a\u00e9reo y mar\u00edtimo, un problema que afecta directamente a los habitantes de la isla en el extremo sur de Chile. Seg\u00fan C\u00e1rdenas, esta situaci\u00f3n est\u00e1 generando una interrupci\u00f3n en servicios esenciales, como traslados m\u00e9dicos y otras prestaciones fundamentales para la poblaci\u00f3n fueguina.<\/p>\n\n\n\n<p>\u00abEs por esta raz\u00f3n que hemos solicitado que se extreme en las acciones necesarias para que la Serem\u00eda de Transporte entregue los recursos que corresponden\u00bb, declar\u00f3 C\u00e1rdenas. \u00abLas personas necesitan acceder al transporte para garantizar la continuidad de sus prestaciones de salud y otros servicios relevantes. No es aceptable que quienes viven en Tierra del Fuego deban enfrentar obst\u00e1culos adicionales para trasladarse a la capital regional en momentos de urgencia\u00bb.<\/p>\n\n\n\n<p>El consejero enfatiz\u00f3 que la situaci\u00f3n ha llegado a un punto cr\u00edtico durante el segundo semestre de 2024, calific\u00e1ndola como una \u00abgrave interrupci\u00f3n en la entrega de estas ayudas por parte del Estado\u00bb. C\u00e1rdenas hizo un llamado tanto al Ministerio de Transportes como a la Serem\u00eda respectiva para que se priorice la entrega de la totalidad de los recursos planificados para este a\u00f1o.<\/p>\n\n\n\n<p><strong>Una vida marcada por la desconexi\u00f3n<\/strong><\/p>\n\n\n\n<p>Vivir en una isla como Tierra del Fuego conlleva desaf\u00edos de conectividad \u00fanicos. La lejan\u00eda y las duras condiciones clim\u00e1ticas hacen que los subsidios para el transporte a\u00e9reo y mar\u00edtimo no solo sean beneficios, sino una necesidad b\u00e1sica para los habitantes. Estas ayudas son clave para garantizar el acceso a servicios m\u00e9dicos especializados, mantener v\u00ednculos familiares y realizar tr\u00e1mites esenciales en Punta Arenas, la capital regional.<\/p>\n\n\n\n<p>\u00abLos subsidios son una herramienta que permite a nuestra comunidad participar de la vida regional en igualdad de condiciones\u00bb, insisti\u00f3 C\u00e1rdenas. \u00abSin estos apoyos, los residentes de Tierra del Fuego se ven atrapados en una realidad de aislamiento que solo profundiza las desigualdades territoriales\u00bb.<\/p>\n\n\n\n<p>Las declaraciones de C\u00e1rdenas llegan en un contexto pol\u00edtico donde los recursos para las regiones extremas han sido tema recurrente de debate. Este llamado busca no solo apurar la entrega de los fondos comprometidos, sino tambi\u00e9n visibilizar las condiciones de quienes viven en uno de los rincones m\u00e1s australes del planeta.<\/p>\n","protected":false},"excerpt":{"rendered":"<p>El consejero regional por Tierra del Fuego, Rodolfo C\u00e1rdenas, ha manifestado p\u00fablicamente su preocupaci\u00f3n por el retraso en la entrega de subsidios para el transporte a\u00e9reo y mar\u00edtimo, un problema&#8230; <a class=\"read-more\" href=\"https:\/\/www.radiopresidenteibanez.cl\/web\/consejero-regional-reclama-retraso-en-subsidios-de-transporte-aereo-y-maritimo-para-tierra-del-fuego\/\">Leer m\u00e1s<\/a><\/p>\n","protected":false},"author":2,"featured_media":52826,"comment_status":"closed","ping_status":"closed","sticky":false,"template":"","format":"standard","meta":{"footnotes":""},"categories":[1],"tags":[],"class_list":["post-52825","post","type-post","status-publish","format-standard","has-post-thumbnail","hentry","category-cronica"],"_links":{"self":[{"href":"https:\/\/www.radiopresidenteibanez.cl\/web\/wp-json\/wp\/v2\/posts\/52825","targetHints":{"allow":["GET"]}}],"collection":[{"href":"https:\/\/www.radiopresidenteibanez.cl\/web\/wp-json\/wp\/v2\/posts"}],"about":[{"href":"https:\/\/www.radiopresidenteibanez.cl\/web\/wp-json\/wp\/v2\/types\/post"}],"author":[{"embeddable":true,"href":"https:\/\/www.radiopresidenteibanez.cl\/web\/wp-json\/wp\/v2\/users\/2"}],"replies":[{"embeddable":true,"href":"https:\/\/www.radiopresidenteibanez.cl\/web\/wp-json\/wp\/v2\/comments?post=52825"}],"version-history":[{"count":0,"href":"https:\/\/www.radiopresidenteibanez.cl\/web\/wp-json\/wp\/v2\/posts\/52825\/revisions"}],"wp:featuredmedia":[{"embeddable":true,"href":"https:\/\/www.radiopresidenteibanez.cl\/web\/wp-json\/wp\/v2\/media\/52826"}],"wp:attachment":[{"href":"https:\/\/www.radiopresidenteibanez.cl\/web\/wp-json\/wp\/v2\/media?parent=52825"}],"wp:term":[{"taxonomy":"category","embeddable":true,"href":"https:\/\/www.radiopresidenteibanez.cl\/web\/wp-json\/wp\/v2\/categories?post=52825"},{"taxonomy":"post_tag","embeddable":true,"href":"https:\/\/www.radiopresidenteibanez.cl\/web\/wp-json\/wp\/v2\/tags?post=52825"}],"curies":[{"name":"wp","href":"https:\/\/api.w.org\/{rel}","templated":true}]}}