{"id":52800,"date":"2024-12-04T12:50:00","date_gmt":"2024-12-04T15:50:00","guid":{"rendered":"https:\/\/www.radiopresidenteibanez.cl\/web\/?p=52800"},"modified":"2024-12-04T11:24:10","modified_gmt":"2024-12-04T14:24:10","slug":"emotivo-homenaje-a-destacado-ex-dirigente-sindical-de-magallanes-en-el-marco-de-los-100-anos-de-la-dt","status":"publish","type":"post","link":"https:\/\/www.radiopresidenteibanez.cl\/web\/emotivo-homenaje-a-destacado-ex-dirigente-sindical-de-magallanes-en-el-marco-de-los-100-anos-de-la-dt\/","title":{"rendered":"Emotivo homenaje a destacado ex dirigente sindical de Magallanes en el marco de los 100 A\u00f1os de la DT"},"content":{"rendered":"\n<p>En la sala de reuniones de la Direcci\u00f3n regional del<br>Trabajo de Magallanes se llev\u00f3 a cabo esta ma\u00f1ana un emotivo homenaje y reconocimiento a la<br>trayectoria sindical del ex dirigente magall\u00e1nico Jos\u00e9 Ruiz De Giorgio, instalando una placa<br>conmemorativa en el sal\u00f3n que ahora lleva su nombre.<br>Con un marco de asistentes que incluy\u00f3 a familiares de Jos\u00e9 Ruiz, autoridades regionales,<br>dirigentes y dirigentas sindicales de la zona, as\u00ed como a una delegaci\u00f3n de la Direcci\u00f3n nacional del<br>Trabajo, se realiz\u00f3 este homenaje, destacando el legado de este ex enapino y dirigente social,<br>quien fue pionero en la lucha por mayores derechos laborales en la regi\u00f3n.<br>Seg\u00fan explic\u00f3 el Jefe del Departamento de Relaciones Laborales de la Direcci\u00f3n del Trabajo, Luis<br>Villaz\u00f3n Le\u00f3n, quien vino en representaci\u00f3n del director nacional del Trabajo: \u201cQuer\u00edamos relevar<br>el rol del actor sindical en el marco de los 100 a\u00f1os de la DT. Concluimos que era necesario poner<br>al servicio del mundo sindical esta celebraci\u00f3n y ah\u00ed surgi\u00f3 la iniciativa de nombrar algunas salas<br>de la Direcci\u00f3n del Trabajo de Arica a Punta Arenas con actores sindicales y sociales relevantes. Y<br>as\u00ed surgi\u00f3 el nombre de Jos\u00e9 Ruiz De Giorgio por una definici\u00f3n propia de los dirigentes de la<br>regi\u00f3n para poner en el centro su figura en el contexto de las grandes luchas sindicales de estos<br>cien a\u00f1os\u201d.<br>La ceremonia cont\u00f3 con la presencia del Delegado Presidencial Regional, Jos\u00e9 Ruiz Pivcevic; la<br>Seremi del Trabajo, Doris Sandoval Miranda; el director regional del Trabajo, Carlo Gorziglia Sa\u00edn;<br>la presidenta de la Cut Magallanes, Pamela Gotta Moil; el historiador magall\u00e1nico Manuel<br>Rodr\u00edguez; adem\u00e1s de representantes de la Anef Magallanes, del sindicato de Enap Magallanes y<br>otros hist\u00f3ricos dirigentes sociales y sindicales de la regi\u00f3n.<br>En palabras del Delegado Presidencial, \u201cen el paso de la lucha de los trabajadores en estos cien<br>a\u00f1os, se reconoce a un importante dirigente sindical, Jos\u00e9 Ruiz De Giorgio. Varios saben que \u00e9l es<br>mi abuelo y es dif\u00edcil disociar esa figura, pero con datos objetivos, \u00e9l jug\u00f3 un importante rol en la<br>\u00e9poca de los a\u00f1os 60 en el sindicato de Enap. Sin embargo, donde trasciende, principalmente, su<br>trayectoria es en los a\u00f1os 80. Con la conformaci\u00f3n del Comando Nacional de Trabajadores dio una<br>importante lucha contra la dictadura c\u00edvico-militar, siendo uno de los protagonistas del<br>Puntarenazo, lo que le vali\u00f3 seguimiento, amenazas, encarcelamiento. Todas esas acciones<br>permitieron llegar sin miedo al plebiscito del a\u00f1o 1988 que permiti\u00f3 recuperar la democracia\u201d.<\/p>\n\n\n\n<p>Todo lo cual, junto a su posterior trabajo como parlamentario y proyectos como la reducci\u00f3n de la<br>jornada laboral, aumento de los d\u00edas de feriado legal para la regi\u00f3n de Magallanes y el fuero de las<br>trabajadoras de casa particular, entre otras medidas, fueron consideradas para la realizaci\u00f3n de<br>este homenaje.<br>Considerando aquello, Jos\u00e9 Ruiz Do Santos, hijo del homenajeado dirigente, agradeci\u00f3 la iniciativa<br>de la DT, recalcando la importancia de dar continuidad a la labor de los antiguos dirigentes y el<br>fortalecimiento que requieren los sindicatos de hoy.<br>\u201cEstas instancias son super importantes para relevar la historia del sindicalismo, pero<br>especialmente, quisiera agradecer a la Direcci\u00f3n del Trabajo por el reconocimiento a la tarea que<br>desarroll\u00f3 mi padre durante tantos a\u00f1os. Es para nosotros como familia un orgullo que casi treinta<br>a\u00f1os despu\u00e9s de haberse retirado de la actividad p\u00fablica, siga este reconocimiento y se respete la<br>trayectoria que \u00e9l tuvo durante tantos a\u00f1os\u201d.<br>Durante la ceremonia, el historiador Manuel Rodr\u00edguez destac\u00f3 a Jos\u00e9 Ruiz como un pionero de la<br>dirigencia sindical en los a\u00f1os 60 y 80, valor\u00e1ndolo como parte esencial de la conformaci\u00f3n del<br>Comando Nacional de Trabajadores y de la organizaci\u00f3n de los sindicatos de aquellos a\u00f1os. Un rol<br>que hoy la Direcci\u00f3n del Trabajo ha querido dejar plasmado en sus instalaciones con la develaci\u00f3n<br>de esta placa conmemorativa en el marco de su centenario.<\/p>\n","protected":false},"excerpt":{"rendered":"<p>En la sala de reuniones de la Direcci\u00f3n regional delTrabajo de Magallanes se llev\u00f3 a cabo esta ma\u00f1ana un emotivo homenaje y reconocimiento a latrayectoria sindical del ex dirigente magall\u00e1nico&#8230; <a class=\"read-more\" href=\"https:\/\/www.radiopresidenteibanez.cl\/web\/emotivo-homenaje-a-destacado-ex-dirigente-sindical-de-magallanes-en-el-marco-de-los-100-anos-de-la-dt\/\">Leer m\u00e1s<\/a><\/p>\n","protected":false},"author":2,"featured_media":52801,"comment_status":"closed","ping_status":"closed","sticky":false,"template":"","format":"standard","meta":{"footnotes":""},"categories":[1],"tags":[],"class_list":["post-52800","post","type-post","status-publish","format-standard","has-post-thumbnail","hentry","category-cronica"],"_links":{"self":[{"href":"https:\/\/www.radiopresidenteibanez.cl\/web\/wp-json\/wp\/v2\/posts\/52800","targetHints":{"allow":["GET"]}}],"collection":[{"href":"https:\/\/www.radiopresidenteibanez.cl\/web\/wp-json\/wp\/v2\/posts"}],"about":[{"href":"https:\/\/www.radiopresidenteibanez.cl\/web\/wp-json\/wp\/v2\/types\/post"}],"author":[{"embeddable":true,"href":"https:\/\/www.radiopresidenteibanez.cl\/web\/wp-json\/wp\/v2\/users\/2"}],"replies":[{"embeddable":true,"href":"https:\/\/www.radiopresidenteibanez.cl\/web\/wp-json\/wp\/v2\/comments?post=52800"}],"version-history":[{"count":0,"href":"https:\/\/www.radiopresidenteibanez.cl\/web\/wp-json\/wp\/v2\/posts\/52800\/revisions"}],"wp:featuredmedia":[{"embeddable":true,"href":"https:\/\/www.radiopresidenteibanez.cl\/web\/wp-json\/wp\/v2\/media\/52801"}],"wp:attachment":[{"href":"https:\/\/www.radiopresidenteibanez.cl\/web\/wp-json\/wp\/v2\/media?parent=52800"}],"wp:term":[{"taxonomy":"category","embeddable":true,"href":"https:\/\/www.radiopresidenteibanez.cl\/web\/wp-json\/wp\/v2\/categories?post=52800"},{"taxonomy":"post_tag","embeddable":true,"href":"https:\/\/www.radiopresidenteibanez.cl\/web\/wp-json\/wp\/v2\/tags?post=52800"}],"curies":[{"name":"wp","href":"https:\/\/api.w.org\/{rel}","templated":true}]}}