{"id":5279,"date":"2019-06-22T19:44:05","date_gmt":"2019-06-22T19:44:05","guid":{"rendered":"http:\/\/www.radiopresidenteibanez.cl\/web\/?p=5279"},"modified":"2019-06-22T19:44:55","modified_gmt":"2019-06-22T19:44:55","slug":"jovenes-de-porvenir-y-estudiantes-de-la-umag-recibieron-consejerias-en-vih-e-its-y-se-efectuaron-test-de-deteccion-rapida","status":"publish","type":"post","link":"https:\/\/www.radiopresidenteibanez.cl\/web\/jovenes-de-porvenir-y-estudiantes-de-la-umag-recibieron-consejerias-en-vih-e-its-y-se-efectuaron-test-de-deteccion-rapida\/","title":{"rendered":"J\u00d3VENES DE PORVENIR Y ESTUDIANTES DE LA UMAG RECIBIERON CONSEJER\u00cdAS EN VIH E ITS Y SE EFECTUARON TEST DE DETECCI\u00d3N R\u00c1PIDA"},"content":{"rendered":"\n<p>En el marco de la implementaci\u00f3n regional del\ntest visual\/r\u00e1pido para VIH, el Ministerio de Salud asign\u00f3 fondos para\ndesarrollar con la sociedad civil actividades relacionadas con diagn\u00f3stico de\nVIH, a trav\u00e9s de test r\u00e1pidos, focalizando el trabajo en poblaciones claves\npara la prevenci\u00f3n del VIH\/SIDA y las ITS.<\/p>\n\n\n\n<p>En este contexto, la SEREMI de Salud de\nMagallanes realiz\u00f3 un proceso de licitaci\u00f3n, en la cual fue seleccionada la\nconsultora&nbsp;de Santiago ONG VIHDA, quienes realizaron esta semana\nactividades de difusi\u00f3n en esta tem\u00e1tica y toma de test r\u00e1pido de VIH en\nPorvenir y Punta Arenas.<\/p>\n\n\n\n<p>Esta iniciativa responde a la necesidad de\npotenciar la campa\u00f1a comunicacional de VIH\/SIDA con un trabajo territorial que\ncomplemente el mensaje a la poblaci\u00f3n para la realizaci\u00f3n del examen, el\noportuno diagn\u00f3stico y acceso a los servicios disponibles, desarrollando\nactividades de testeo de VIH, bajo una l\u00ednea de trabajo complementaria a la\nRespuesta Regional Intersectorial (RRI) que se implementa de forma habitual y\nforma parte del Plan Nacional de Acci\u00f3n 2018-2019, con el fin de mejorar la\noportunidad y acceso a la estrategia de screening a poblaciones de riesgo y de\ndif\u00edcil acceso a establecimientos sanitarios.<\/p>\n\n\n\n<p>La\nSEREMI de Salud de Magallanes, Mariela Rojas, explic\u00f3 que el trabajo con esta\nconsultora, adem\u00e1s de masificar el test r\u00e1pido de VIH, posibilita profundizar\neducaci\u00f3n y que la comunidad se instruya de lo que es la enfermedad, la\ntransmisi\u00f3n y la forma de prevenirla.<\/p>\n\n\n\n<p>Agreg\u00f3\nque \u201cno es que seamos los primeros en n\u00famero de casos de VIH en el pa\u00eds, pero\nsi es la tendencia a que est\u00e1 creciendo a nivel general. En el a\u00f1o 2017 tuvimos\n51 casos&nbsp;y en el 2018 ya terminamos el a\u00f1o con 65. Sigue siendo mayor en\nhombres que en mujeres, y tu vez la realidad que las que mayormente se est\u00e1\ntomando el test de VIH son las mujeres. Pero adem\u00e1s hay que pensar que a lo\nmejor&nbsp;no es tendencia solamente, sino que&nbsp;hay una mayor cantidad de\npersonas que se atreven a tomarse el test, por lo tanto se est\u00e1 diagnosticando\nmuchas veces algo que est\u00e1 sub notificado, por que las personas no se atrev\u00edan\na realizarse el examen. Y con estas campa\u00f1as que se est\u00e1n haciendo a lo largo\nde todo el pa\u00eds hemos logrado que de alguna forma&nbsp;la gente entienda que no\nse va estigmatizar, no discriminar, sino que va&nbsp;a conocer su estado. Y al\nconocer su estado estamos siendo solidarios con sus parejas o futuras parejas,\npara no seguir transmitiendo esta enfermedad, que si bien tiene tratamiento,\nuna vez en fase SIDA puede causar la muerte\u201d. Al 31 de marzo de 2019 se han\nnotificado 17 casos en la regi\u00f3n, 3 mujeres y 14 hombres. <\/p>\n\n\n\n<p>Pablo\nDonoso, Presidente de la ONG VIHDA se\u00f1al\u00f3 que como consultora \u201ciniciamos el\ntrabajo en Porvenir con un taller para conscriptos. Nosotros produjimos un\ncortometraje que se llama \u201cRuido\u201d, el cual presentamos a los j\u00f3venes que\ncumplen con su servicio militar y adem\u00e1s hicimos una din\u00e1mica participativa con\npreguntas y respuestas. Trabajamos adem\u00e1s de la prevenci\u00f3n, la\ndesestigmatizaci\u00f3n del VIH. Al d\u00eda siguiente estuvimos con los estudiantes de\neducaci\u00f3n media del Liceo de Porvenir, con quienes tambi\u00e9n replicamos la\ndin\u00e1mica de consultas y opiniones despu\u00e9s de ver el material audiovisual. Tomamos\ntest r\u00e1pido e hicimos talleres del uso correcto del cond\u00f3n femenino y cond\u00f3n\nmasculino. Finalizamos con la toma de ex\u00e1menes y consejer\u00edas para los alumnos y\nalumnas de la Universidad de Magallanes\u201d. <\/p>\n\n\n\n<p>Agreg\u00f3\npara ellos como consultora el tema de la educaci\u00f3n es esencial y en especial el\ntrabajo con la poblaci\u00f3n objetivo entre 15 a 29 a\u00f1os. \u201cVenir a una universidad\nes importante para que este tema se abra y se vaya conversando y desarrollando\nel tema de la prevenci\u00f3n. El trabajar con j\u00f3venes y con comunidades educativas\ngenera una difusi\u00f3n importante y una ampliaci\u00f3n del tema porque hay informaci\u00f3n\nentre pares\u201d, detall\u00f3.<\/p>\n\n\n\n<p>La ONG VIHDA realiz\u00f3 durante su trabajo en la regi\u00f3n 240 test de detecci\u00f3n r\u00e1pida de VIH.<\/p>\n\n\n\n<figure class=\"wp-block-image\"><img loading=\"lazy\" decoding=\"async\" width=\"1024\" height=\"683\" src=\"https:\/\/www.radiopresidenteibanez.cl\/web\/wp-content\/uploads\/2019\/06\/IMG_8029-Copy-1024x683.jpg\" alt=\"\" class=\"wp-image-5280\" srcset=\"https:\/\/www.radiopresidenteibanez.cl\/web\/wp-content\/uploads\/2019\/06\/IMG_8029-Copy-1024x683.jpg 1024w, https:\/\/www.radiopresidenteibanez.cl\/web\/wp-content\/uploads\/2019\/06\/IMG_8029-Copy-300x200.jpg 300w, https:\/\/www.radiopresidenteibanez.cl\/web\/wp-content\/uploads\/2019\/06\/IMG_8029-Copy-768x512.jpg 768w, https:\/\/www.radiopresidenteibanez.cl\/web\/wp-content\/uploads\/2019\/06\/IMG_8029-Copy.jpg 1152w\" sizes=\"auto, (max-width: 1024px) 100vw, 1024px\" \/><\/figure>\n","protected":false},"excerpt":{"rendered":"<p>En el marco de la implementaci\u00f3n regional del test visual\/r\u00e1pido para VIH, el Ministerio de Salud asign\u00f3 fondos para desarrollar con la sociedad civil actividades relacionadas con diagn\u00f3stico de VIH,&#8230; <a class=\"read-more\" href=\"https:\/\/www.radiopresidenteibanez.cl\/web\/jovenes-de-porvenir-y-estudiantes-de-la-umag-recibieron-consejerias-en-vih-e-its-y-se-efectuaron-test-de-deteccion-rapida\/\">Leer m\u00e1s<\/a><\/p>\n","protected":false},"author":2,"featured_media":5280,"comment_status":"closed","ping_status":"closed","sticky":false,"template":"","format":"standard","meta":{"footnotes":""},"categories":[1],"tags":[],"class_list":["post-5279","post","type-post","status-publish","format-standard","has-post-thumbnail","hentry","category-cronica"],"_links":{"self":[{"href":"https:\/\/www.radiopresidenteibanez.cl\/web\/wp-json\/wp\/v2\/posts\/5279","targetHints":{"allow":["GET"]}}],"collection":[{"href":"https:\/\/www.radiopresidenteibanez.cl\/web\/wp-json\/wp\/v2\/posts"}],"about":[{"href":"https:\/\/www.radiopresidenteibanez.cl\/web\/wp-json\/wp\/v2\/types\/post"}],"author":[{"embeddable":true,"href":"https:\/\/www.radiopresidenteibanez.cl\/web\/wp-json\/wp\/v2\/users\/2"}],"replies":[{"embeddable":true,"href":"https:\/\/www.radiopresidenteibanez.cl\/web\/wp-json\/wp\/v2\/comments?post=5279"}],"version-history":[{"count":0,"href":"https:\/\/www.radiopresidenteibanez.cl\/web\/wp-json\/wp\/v2\/posts\/5279\/revisions"}],"wp:featuredmedia":[{"embeddable":true,"href":"https:\/\/www.radiopresidenteibanez.cl\/web\/wp-json\/wp\/v2\/media\/5280"}],"wp:attachment":[{"href":"https:\/\/www.radiopresidenteibanez.cl\/web\/wp-json\/wp\/v2\/media?parent=5279"}],"wp:term":[{"taxonomy":"category","embeddable":true,"href":"https:\/\/www.radiopresidenteibanez.cl\/web\/wp-json\/wp\/v2\/categories?post=5279"},{"taxonomy":"post_tag","embeddable":true,"href":"https:\/\/www.radiopresidenteibanez.cl\/web\/wp-json\/wp\/v2\/tags?post=5279"}],"curies":[{"name":"wp","href":"https:\/\/api.w.org\/{rel}","templated":true}]}}