{"id":52773,"date":"2024-12-03T14:17:00","date_gmt":"2024-12-03T17:17:00","guid":{"rendered":"https:\/\/www.radiopresidenteibanez.cl\/web\/?p=52773"},"modified":"2024-12-03T10:35:00","modified_gmt":"2024-12-03T13:35:00","slug":"enap-y-saam-ponen-a-flote-primer-remolcador-electrico-para-latinoamerica-en-turquia","status":"publish","type":"post","link":"https:\/\/www.radiopresidenteibanez.cl\/web\/enap-y-saam-ponen-a-flote-primer-remolcador-electrico-para-latinoamerica-en-turquia\/","title":{"rendered":"Enap y SAAM ponen a flote primer remolcador el\u00e9ctrico\u00a0para latinoamerica en Turquia"},"content":{"rendered":"\n<p>En el astillero Sanmar, ubicado en la bah\u00eda de Tuzla, Estambul, se realiz\u00f3 la puesta a flote del primer remolcador el\u00e9ctrico para Latinoam\u00e9rica que llegar\u00e1 a Chile tras el acuerdo de prestaci\u00f3n de servicios firmado -en enero de este a\u00f1o- entre la Empresa Nacional del Petr\u00f3leo (Enap) y SAAM. Este avance reafirma el compromiso de ambas compa\u00f1\u00edas con la transici\u00f3n energ\u00e9tica, ya que, al ser una estructura de propulsi\u00f3n el\u00e9ctrica, no emite gases de efecto invernadero y reduce el ruido ambiental y submarino.<\/p>\n\n\n\n<p>Luego de esta primera etapa de botadura al agua, el pr\u00f3ximo paso es el proceso de pruebas de mar, que permite inspeccionar y verificar su comportamiento est\u00e1tico, y rendimiento operacional.<\/p>\n\n\n\n<p>La llegada de este remolcador el\u00e9ctrico a nuestro pa\u00eds est\u00e1 prevista para el primer semestre de 2025. La nave, dise\u00f1ada por Robert Allan Ltd y construida en el astillero Sanmar, operar\u00e1 en el Puerto de Chacabuco, en la regi\u00f3n de Ays\u00e9n, con servicios de atraque y desatraque de embarcaciones. El remolcador tiene 25 metros de eslora (longitud) y 13 metros de manga (ancho), con una capacidad de tracci\u00f3n a punto fijo de m\u00e1s de 70 toneladas.<\/p>\n\n\n\n<p>El gerente corporativo de Supply Chain de Enap, Mauricio Naveas, coment\u00f3 que \u201ceste proyecto es relevante para nuestra empresa no s\u00f3lo porque nos permitir\u00e1 cubrir adecuadamente las necesidades de servicios en Puerto Chacabuco, sino tambi\u00e9n porque es un avance en la reducci\u00f3n tanto de emisiones de carbono como de ruido ambiental y submarino de nuestra cadena log\u00edstica, esfuerzo que va en la l\u00ednea de tener procesos cada vez m\u00e1s sostenibles\u201d.<\/p>\n\n\n\n<p>Por su parte, el gerente de Sostenibilidad y Desarrollo de SAAM Towage, Pablo C\u00e1ceres, se\u00f1al\u00f3 que \u201ceste es un hito clave para asegurar que el remolcador funcione conforme a los m\u00e1s altos est\u00e1ndares de seguridad en las fases posteriores de su desarrollo. Esta embarcaci\u00f3n es la tercera de nuestra flota el\u00e9ctrica, que nos permitir\u00e1 dar un paso decisivo hacia el futuro y contar con operaciones cada vez m\u00e1s sostenibles. En Chacabuco estaremos reduciendo en 100% las emisiones de CO2 respecto de las operaciones actuales\u201d, acot\u00f3.<\/p>\n\n\n\n<p>Cabe mencionar que las pruebas de mar del remolcador se mantienen hasta justo antes de ser embarcado rumbo a Chile.<\/p>\n","protected":false},"excerpt":{"rendered":"<p>En el astillero Sanmar, ubicado en la bah\u00eda de Tuzla, Estambul, se realiz\u00f3 la puesta a flote del primer remolcador el\u00e9ctrico para Latinoam\u00e9rica que llegar\u00e1 a Chile tras el acuerdo&#8230; <a class=\"read-more\" href=\"https:\/\/www.radiopresidenteibanez.cl\/web\/enap-y-saam-ponen-a-flote-primer-remolcador-electrico-para-latinoamerica-en-turquia\/\">Leer m\u00e1s<\/a><\/p>\n","protected":false},"author":2,"featured_media":52774,"comment_status":"closed","ping_status":"closed","sticky":false,"template":"","format":"standard","meta":{"footnotes":""},"categories":[1],"tags":[],"class_list":["post-52773","post","type-post","status-publish","format-standard","has-post-thumbnail","hentry","category-cronica"],"_links":{"self":[{"href":"https:\/\/www.radiopresidenteibanez.cl\/web\/wp-json\/wp\/v2\/posts\/52773","targetHints":{"allow":["GET"]}}],"collection":[{"href":"https:\/\/www.radiopresidenteibanez.cl\/web\/wp-json\/wp\/v2\/posts"}],"about":[{"href":"https:\/\/www.radiopresidenteibanez.cl\/web\/wp-json\/wp\/v2\/types\/post"}],"author":[{"embeddable":true,"href":"https:\/\/www.radiopresidenteibanez.cl\/web\/wp-json\/wp\/v2\/users\/2"}],"replies":[{"embeddable":true,"href":"https:\/\/www.radiopresidenteibanez.cl\/web\/wp-json\/wp\/v2\/comments?post=52773"}],"version-history":[{"count":0,"href":"https:\/\/www.radiopresidenteibanez.cl\/web\/wp-json\/wp\/v2\/posts\/52773\/revisions"}],"wp:featuredmedia":[{"embeddable":true,"href":"https:\/\/www.radiopresidenteibanez.cl\/web\/wp-json\/wp\/v2\/media\/52774"}],"wp:attachment":[{"href":"https:\/\/www.radiopresidenteibanez.cl\/web\/wp-json\/wp\/v2\/media?parent=52773"}],"wp:term":[{"taxonomy":"category","embeddable":true,"href":"https:\/\/www.radiopresidenteibanez.cl\/web\/wp-json\/wp\/v2\/categories?post=52773"},{"taxonomy":"post_tag","embeddable":true,"href":"https:\/\/www.radiopresidenteibanez.cl\/web\/wp-json\/wp\/v2\/tags?post=52773"}],"curies":[{"name":"wp","href":"https:\/\/api.w.org\/{rel}","templated":true}]}}