{"id":52747,"date":"2024-12-02T16:38:00","date_gmt":"2024-12-02T19:38:00","guid":{"rendered":"https:\/\/www.radiopresidenteibanez.cl\/web\/?p=52747"},"modified":"2024-12-02T15:39:37","modified_gmt":"2024-12-02T18:39:37","slug":"elige-vivir-sano-imparte-jornada-de-autocuidado-a-personas-cuidadoras-de-punta-arenas","status":"publish","type":"post","link":"https:\/\/www.radiopresidenteibanez.cl\/web\/elige-vivir-sano-imparte-jornada-de-autocuidado-a-personas-cuidadoras-de-punta-arenas\/","title":{"rendered":"Elige Vivir Sano imparte jornada de autocuidado a personas cuidadoras de Punta Arenas"},"content":{"rendered":"\n<p>&nbsp;\u201cCuid\u00e9monos mientras Cuidamos\u201d es el nombre de la charla que organiz\u00f3 en Punta Arenas la Secretar\u00eda Regional Ministerial de Desarrollo Social y Familia, a trav\u00e9s del Elige Vivir Sano, para apoyar el bienestar de las personas que ejercen labores de cuidados no remunerados.<\/p>\n\n\n\n<p>Esta jornada se llev\u00f3 a cabo en el Centro Diurno Referencial del Adulto Mayor \u201cKerren\u201d y cont\u00f3 con la participaci\u00f3n de personas cuidadoras, quienes fueron parte de un taller de salud mental impartido por un psic\u00f3logo y de un programa de ejercicio f\u00edsico para realizar desde el hogar, a cargo de un kinesi\u00f3logo.&nbsp;<\/p>\n\n\n\n<p>La bienvenida estuvo a cargo del Secretario Regional Ministerial de Desarrollo Social y Familia, Danilo Mimica, quien se\u00f1al\u00f3 que \u201cnuestro Gobierno ha puesto a los cuidados en el centro de sus preocupaciones, y por ello, nuestra pol\u00edtica de cuidados se est\u00e1 integrando a diversos programas y garant\u00edas sociales, como es el Elige Vivir Sano, sistema dedicado a promover h\u00e1bitos y estilos de vida saludables para prevenir y disminuir los riesgos asociados a las enfermedades no trasmisibles. Estamos construyendo una sociedad que reconoce y valora el trabajo de quienes cuidan a otros, lo que implica de un cambio cultural que debemos impulsar desde todos los \u00e1mbitos, y por ello, los recursos para el Sistema Nacional de Apoyos y Cuidados Chile Cuida van a aumentar en un 37% este 2025\u201d.<\/p>\n\n\n\n<p>A esta actividad, tambi\u00e9n asisti\u00f3 el Director Regional de Fondo de Solidaridad e Inversi\u00f3n Social (FOSIS), Felipe Jeria, servicio relacionado del Ministerio de Desarrollo Social y Familia, quien manifest\u00f3 que \u201ca trav\u00e9s de nuestro programa Emprendamos hemos potenciado emprendimientos de personas cuidadoras, y desde el pr\u00f3ximo a\u00f1o nuestra l\u00ednea de trabajo de Cohesi\u00f3n Social, que abarca diversos programas, cambia para enfocarse, entre otros, en este grupo prioritario. Hoy nos acompa\u00f1a una agrupaci\u00f3n de cuidadoras que se gest\u00f3 en el contexto del desarrollo de uno de nuestros programas de emprendimiento, donde distintas personas cuidadoras compartieron sus experiencias y vivencias comunes en materias de cuidados, y a partir de ello, tuvieron el atrevimiento de asociarse para avanzar en el reconocimiento, valoraci\u00f3n y la posibilidad de contar con nuevas oportunidades\u201d.<\/p>\n\n\n\n<p>Ximena Jaramillo es la presidente de la \u201cAgrupaci\u00f3n de Cuidadoras con discapacidades diferentes y emprendedores\u201d, que se constituy\u00f3 este a\u00f1o en Punta Arenas y que re\u00fane a 20 personas. Coment\u00f3 que \u201cesta jornada de autocuidado fue muy productiva porque la gran mayor\u00eda de las personas cuidadoras, necesitan tambi\u00e9n ser cuidadas. Gracias a actividades como estas tenemos una mayor vinculaci\u00f3n con el Estado y con otras organizaciones sociales, porque necesitamos conocer de programas y beneficios para llevar adelante nuestras iniciativas\u201d.<\/p>\n\n\n\n<p>Actualmente en Magallanes existen 1.277 personas inscritas como cuidadoras, de la cuales el 82,5% son mujeres. El tr\u00e1mite de inscripci\u00f3n se efect\u00faa de manera gratuita en&nbsp;<a href=\"http:\/\/www.registrosocial.gob.cl\/\" target=\"_blank\" rel=\"noreferrer noopener\">www.registrosocial.gob.cl<\/a>, independiente del tramo de calificaci\u00f3n socioecon\u00f3mica en que se encuentren las familias.<\/p>\n","protected":false},"excerpt":{"rendered":"<p>&nbsp;\u201cCuid\u00e9monos mientras Cuidamos\u201d es el nombre de la charla que organiz\u00f3 en Punta Arenas la Secretar\u00eda Regional Ministerial de Desarrollo Social y Familia, a trav\u00e9s del Elige Vivir Sano, para&#8230; <a class=\"read-more\" href=\"https:\/\/www.radiopresidenteibanez.cl\/web\/elige-vivir-sano-imparte-jornada-de-autocuidado-a-personas-cuidadoras-de-punta-arenas\/\">Leer m\u00e1s<\/a><\/p>\n","protected":false},"author":2,"featured_media":52748,"comment_status":"closed","ping_status":"closed","sticky":false,"template":"","format":"standard","meta":{"footnotes":""},"categories":[1],"tags":[],"class_list":["post-52747","post","type-post","status-publish","format-standard","has-post-thumbnail","hentry","category-cronica"],"_links":{"self":[{"href":"https:\/\/www.radiopresidenteibanez.cl\/web\/wp-json\/wp\/v2\/posts\/52747","targetHints":{"allow":["GET"]}}],"collection":[{"href":"https:\/\/www.radiopresidenteibanez.cl\/web\/wp-json\/wp\/v2\/posts"}],"about":[{"href":"https:\/\/www.radiopresidenteibanez.cl\/web\/wp-json\/wp\/v2\/types\/post"}],"author":[{"embeddable":true,"href":"https:\/\/www.radiopresidenteibanez.cl\/web\/wp-json\/wp\/v2\/users\/2"}],"replies":[{"embeddable":true,"href":"https:\/\/www.radiopresidenteibanez.cl\/web\/wp-json\/wp\/v2\/comments?post=52747"}],"version-history":[{"count":0,"href":"https:\/\/www.radiopresidenteibanez.cl\/web\/wp-json\/wp\/v2\/posts\/52747\/revisions"}],"wp:featuredmedia":[{"embeddable":true,"href":"https:\/\/www.radiopresidenteibanez.cl\/web\/wp-json\/wp\/v2\/media\/52748"}],"wp:attachment":[{"href":"https:\/\/www.radiopresidenteibanez.cl\/web\/wp-json\/wp\/v2\/media?parent=52747"}],"wp:term":[{"taxonomy":"category","embeddable":true,"href":"https:\/\/www.radiopresidenteibanez.cl\/web\/wp-json\/wp\/v2\/categories?post=52747"},{"taxonomy":"post_tag","embeddable":true,"href":"https:\/\/www.radiopresidenteibanez.cl\/web\/wp-json\/wp\/v2\/tags?post=52747"}],"curies":[{"name":"wp","href":"https:\/\/api.w.org\/{rel}","templated":true}]}}