{"id":5274,"date":"2019-06-22T19:33:31","date_gmt":"2019-06-22T19:33:31","guid":{"rendered":"http:\/\/www.radiopresidenteibanez.cl\/web\/?p=5274"},"modified":"2019-06-22T19:34:10","modified_gmt":"2019-06-22T19:34:10","slug":"concejal-german-flores-tenemos-un-alumbrado-publico-que-nos-hace-ver-una-ciudad-poco-iluminada","status":"publish","type":"post","link":"https:\/\/www.radiopresidenteibanez.cl\/web\/concejal-german-flores-tenemos-un-alumbrado-publico-que-nos-hace-ver-una-ciudad-poco-iluminada\/","title":{"rendered":"CONCEJAL GERMAN FLORES: \u201cTENEMOS UN ALUMBRADO P\u00daBLICO QUE NOS HACE VER UNA CIUDAD POCO ILUMINADA\u201d"},"content":{"rendered":"\n<p>\u201cHace algunos a\u00f1os se inici\u00f3 un cambio de luminarias en\nnuestra ciudad que nos permiti\u00f3 pasar de las luces de sodio a luz let, pero la\npotencia de estas \u00faltimas, sin ser experto y a simple vista, estamos en\npresencia de un alumbrado p\u00fablico que nos hace ver una ciudad poco iluminada\u201d. <\/p>\n\n\n\n<p>Con estas palabras el concejal y presidente de la comisi\u00f3n\nde seguridad ciudadana del concejo municipal Germ\u00e1n Flores, se refiri\u00f3 a lo que\n\u00e9l considera una deficiencia en materia de iluminaci\u00f3n en la ciudad, situaci\u00f3n\nque expuso en la \u00faltima sesi\u00f3n, oportunidad en la cual solicit\u00f3 realizar un\nestudio que permita ver c\u00f3mo hacemos para tener una ciudad m\u00e1s iluminada, lo\nque se refleja a su vez en mayor seguridad para la comunidad.<\/p>\n\n\n\n<p>\u201cComo municipalidad estamos haciendo esfuerzos para tener\navenidas m\u00e1s iluminadas, como los bandejones centrales de las avenidas Espa\u00f1a,\nIndependencia y Bulnes, pero claramente necesitamos mayor iluminaci\u00f3n en\nnuestras calles. Las luces let que se han instalado, cerca de 5 mil, de las 16\nmil luminarias, son de 107 watts y no son suficientemente potentes para lo que\nrequerimos como ciudad, en donde en esta \u00e9poca de a\u00f1o tenemos m\u00e1s horas de\noscuridad\u201d, se\u00f1al\u00f3 el concejal Germ\u00e1n Flores.<\/p>\n\n\n\n<p>Luego agreg\u00f3 que en opini\u00f3n de expertos deber\u00edamos contar\ncon luces let de potencia sobre los 150 o 180 watts, lo que nos permitir\u00eda de\ninmediato tener calles y avenidas m\u00e1s iluminadas, de paso ir eliminando las\nluces de sodio de 250 watts, reemplaz\u00e1ndolas por una de mayor eficiencia energ\u00e9tica.<\/p>\n\n\n\n<p>\u201cSi hacemos un recorrido por la avenida Costanera, Frei y por otras avenidas, si bien cuentan con luminarias, la visi\u00f3n es baja, ni hablar por poner un solo ejemplo, de calle Eusebio Lillo entre Avenida Salvador Allende y Ram\u00f3n Carnicer, es como se dice una boca de lobo, en donde lamentablemente han habido graves accidente con consecuencias fatales, de ah\u00ed mi preocupaci\u00f3n y espero que hagamos los esfuerzos para hacer de Punta Arenas una ciudad m\u00e1s iluminada\u201d concluy\u00f3 el concejal Flores.<\/p>\n\n\n\n<figure class=\"wp-block-image\"><img loading=\"lazy\" decoding=\"async\" width=\"1000\" height=\"563\" src=\"http:\/\/www.radiopresidenteibanez.cl\/web\/wp-content\/uploads\/2019\/04\/GERMAN-FLORES.jpg\" alt=\"\" class=\"wp-image-3663\" srcset=\"https:\/\/www.radiopresidenteibanez.cl\/web\/wp-content\/uploads\/2019\/04\/GERMAN-FLORES.jpg 1000w, https:\/\/www.radiopresidenteibanez.cl\/web\/wp-content\/uploads\/2019\/04\/GERMAN-FLORES-300x169.jpg 300w, https:\/\/www.radiopresidenteibanez.cl\/web\/wp-content\/uploads\/2019\/04\/GERMAN-FLORES-768x432.jpg 768w\" sizes=\"auto, (max-width: 1000px) 100vw, 1000px\" \/><\/figure>\n","protected":false},"excerpt":{"rendered":"<p>\u201cHace algunos a\u00f1os se inici\u00f3 un cambio de luminarias en nuestra ciudad que nos permiti\u00f3 pasar de las luces de sodio a luz let, pero la potencia de estas \u00faltimas,&#8230; <a class=\"read-more\" href=\"https:\/\/www.radiopresidenteibanez.cl\/web\/concejal-german-flores-tenemos-un-alumbrado-publico-que-nos-hace-ver-una-ciudad-poco-iluminada\/\">Leer m\u00e1s<\/a><\/p>\n","protected":false},"author":2,"featured_media":3663,"comment_status":"closed","ping_status":"closed","sticky":false,"template":"","format":"standard","meta":{"footnotes":""},"categories":[1],"tags":[],"class_list":["post-5274","post","type-post","status-publish","format-standard","has-post-thumbnail","hentry","category-cronica"],"_links":{"self":[{"href":"https:\/\/www.radiopresidenteibanez.cl\/web\/wp-json\/wp\/v2\/posts\/5274","targetHints":{"allow":["GET"]}}],"collection":[{"href":"https:\/\/www.radiopresidenteibanez.cl\/web\/wp-json\/wp\/v2\/posts"}],"about":[{"href":"https:\/\/www.radiopresidenteibanez.cl\/web\/wp-json\/wp\/v2\/types\/post"}],"author":[{"embeddable":true,"href":"https:\/\/www.radiopresidenteibanez.cl\/web\/wp-json\/wp\/v2\/users\/2"}],"replies":[{"embeddable":true,"href":"https:\/\/www.radiopresidenteibanez.cl\/web\/wp-json\/wp\/v2\/comments?post=5274"}],"version-history":[{"count":0,"href":"https:\/\/www.radiopresidenteibanez.cl\/web\/wp-json\/wp\/v2\/posts\/5274\/revisions"}],"wp:featuredmedia":[{"embeddable":true,"href":"https:\/\/www.radiopresidenteibanez.cl\/web\/wp-json\/wp\/v2\/media\/3663"}],"wp:attachment":[{"href":"https:\/\/www.radiopresidenteibanez.cl\/web\/wp-json\/wp\/v2\/media?parent=5274"}],"wp:term":[{"taxonomy":"category","embeddable":true,"href":"https:\/\/www.radiopresidenteibanez.cl\/web\/wp-json\/wp\/v2\/categories?post=5274"},{"taxonomy":"post_tag","embeddable":true,"href":"https:\/\/www.radiopresidenteibanez.cl\/web\/wp-json\/wp\/v2\/tags?post=5274"}],"curies":[{"name":"wp","href":"https:\/\/api.w.org\/{rel}","templated":true}]}}