{"id":52720,"date":"2024-12-01T12:54:08","date_gmt":"2024-12-01T15:54:08","guid":{"rendered":"https:\/\/www.radiopresidenteibanez.cl\/web\/?p=52720"},"modified":"2024-12-01T12:54:13","modified_gmt":"2024-12-01T15:54:13","slug":"perros-policia-van-detras-de-el-y-es-que-tio-no-hay-dinero-venga-el-monedero-canta-ska-p","status":"publish","type":"post","link":"https:\/\/www.radiopresidenteibanez.cl\/web\/perros-policia-van-detras-de-el-y-es-que-tio-no-hay-dinero-venga-el-monedero-canta-ska-p\/","title":{"rendered":"Perros polic\u00eda van detr\u00e1s de \u00e9l y es que, t\u00edo no hay dinero (venga, el monedero)..\u00bb canta Ska-P"},"content":{"rendered":"\n<p>Con gran \u00e1nimo y profundo desconocimiento, algunos asiduos al facebook han estado publicando una cu\u00f1a que da cuenta de lo poco que conocen de las luchas y logros de la clase trabajadora.<br>Muy sueltos de cuerpo dicen que \u00ablos aguinaldos y las vacaciones en este tiempo (queremos entender que se refieren a primavera y verano), son fruto de la lucha de la clase trabajadora.<br>Lo primero que hay que decirles es que solo los feriados est\u00e1n establecidos en la ley para los trabajadores privados, aunque lamentablemente no todos ellos pueden disfrutarlos en primavera o verano.<br>Siempre son una posibilidad preferente, pero dependiendo de las necesidades del patr\u00f3n. Decenas de miles que laboran en comercio, servicios de turismo y hoteleros est\u00e1n impedidos de tener feriado en estas fechas, as\u00ed es que le falta bastante para ser un logro de la clase.<\/p>\n\n\n\n<p>2.- Y qu\u00e9 decir de los aguinaldos.<br>Lo primero es que no est\u00e1n regulados por ley, salvo para los empleados p\u00fablicos que los negocian a\u00f1o a a\u00f1o. Lamentablemente son millones los trabajadores que no cuentan con un aguinaldo, solo acceden a este beneficio los que negocian colectivamente y con suerte estos afortunados llegan al mill\u00f3n de trabajadores.<br>Aunque lo anterior no quiere decir que todos reciban aguinaldos similares a los del sector p\u00fablico. Hay mucho patr\u00f3n amarrete que s\u00f3lo entrega algunas decenas de lucas, que hoy d\u00eda para poco alcanzan.<br>\u00bfUn consejo?<br>Dejen de escribir tanta tonter\u00eda en internet y apoyen la campa\u00f1a de educaci\u00f3n de la clase trabajadora.<br>Si hay educaci\u00f3n, hay organizaci\u00f3n y por ende lucha.<br>Ah\u00ed si se ver\u00e1n realizados los sue\u00f1os de la clase.<\/p>\n","protected":false},"excerpt":{"rendered":"<p>Con gran \u00e1nimo y profundo desconocimiento, algunos asiduos al facebook han estado publicando una cu\u00f1a que da cuenta de lo poco que conocen de las luchas y logros de la&#8230; <a class=\"read-more\" href=\"https:\/\/www.radiopresidenteibanez.cl\/web\/perros-policia-van-detras-de-el-y-es-que-tio-no-hay-dinero-venga-el-monedero-canta-ska-p\/\">Leer m\u00e1s<\/a><\/p>\n","protected":false},"author":2,"featured_media":52721,"comment_status":"closed","ping_status":"closed","sticky":false,"template":"","format":"standard","meta":{"footnotes":""},"categories":[1],"tags":[],"class_list":["post-52720","post","type-post","status-publish","format-standard","has-post-thumbnail","hentry","category-cronica"],"_links":{"self":[{"href":"https:\/\/www.radiopresidenteibanez.cl\/web\/wp-json\/wp\/v2\/posts\/52720","targetHints":{"allow":["GET"]}}],"collection":[{"href":"https:\/\/www.radiopresidenteibanez.cl\/web\/wp-json\/wp\/v2\/posts"}],"about":[{"href":"https:\/\/www.radiopresidenteibanez.cl\/web\/wp-json\/wp\/v2\/types\/post"}],"author":[{"embeddable":true,"href":"https:\/\/www.radiopresidenteibanez.cl\/web\/wp-json\/wp\/v2\/users\/2"}],"replies":[{"embeddable":true,"href":"https:\/\/www.radiopresidenteibanez.cl\/web\/wp-json\/wp\/v2\/comments?post=52720"}],"version-history":[{"count":0,"href":"https:\/\/www.radiopresidenteibanez.cl\/web\/wp-json\/wp\/v2\/posts\/52720\/revisions"}],"wp:featuredmedia":[{"embeddable":true,"href":"https:\/\/www.radiopresidenteibanez.cl\/web\/wp-json\/wp\/v2\/media\/52721"}],"wp:attachment":[{"href":"https:\/\/www.radiopresidenteibanez.cl\/web\/wp-json\/wp\/v2\/media?parent=52720"}],"wp:term":[{"taxonomy":"category","embeddable":true,"href":"https:\/\/www.radiopresidenteibanez.cl\/web\/wp-json\/wp\/v2\/categories?post=52720"},{"taxonomy":"post_tag","embeddable":true,"href":"https:\/\/www.radiopresidenteibanez.cl\/web\/wp-json\/wp\/v2\/tags?post=52720"}],"curies":[{"name":"wp","href":"https:\/\/api.w.org\/{rel}","templated":true}]}}