{"id":52662,"date":"2024-11-28T09:27:00","date_gmt":"2024-11-28T12:27:00","guid":{"rendered":"https:\/\/www.radiopresidenteibanez.cl\/web\/?p=52662"},"modified":"2024-11-28T08:21:16","modified_gmt":"2024-11-28T11:21:16","slug":"al-servicio-publico","status":"publish","type":"post","link":"https:\/\/www.radiopresidenteibanez.cl\/web\/al-servicio-publico\/","title":{"rendered":"AL SERVICIO PUBLICO"},"content":{"rendered":"\n<p>Con la excepci\u00f3n de Magallanes, el domingo \u00faltimo el pa\u00eds vivi\u00f3 nuevamente una jornada de elecciones.<\/p>\n\n\n\n<p>Algunos pol\u00edticos, incluyendo al presidente Boric, dijeron que se hab\u00eda vivido una nueva demostraci\u00f3n de democracia.<\/p>\n\n\n\n<p>En esta fiestoca democr\u00e1tica, no deja de llamar la atenci\u00f3n la cantidad de pol\u00edticos que est\u00e1n dispuestos a trabajar en el servicio p\u00fablico, dedicar sus vidas a esforzarse a lograr un pa\u00eds, mejor, no solo para ellos, sino tambi\u00e9n para todos los chilenos. Qu\u00e9 pol\u00edticos m\u00e1s sacrificados, dir\u00e1n algunos.<\/p>\n\n\n\n<p>Pero publicaciones de diversos medios period\u00edsticos revelan que dedicarse a la pol\u00edtica no es mal negocio.<\/p>\n\n\n\n<p>Un&nbsp;reportaje del diario&nbsp;<em>La Segunda<\/em>&nbsp;que revel\u00f3 que al menos 35 funcionarios del Congreso reciben un sueldo bruto que supera los&nbsp;$10 millones, a saber,&nbsp;m\u00e1s de lo que recibe el propio Presidente de la Rep\u00fablica.<\/p>\n\n\n\n<p>De hecho, el mayor salario&nbsp;($16 millones<strong>)<\/strong>, va para el Prosecretario General y Tesorero del Senado, aunque su rango est\u00e1 debajo del Secretario.<\/p>\n\n\n\n<p>&nbsp;El secretario de la C\u00e1mara Alta,&nbsp;Ra\u00fal Guzm\u00e1n&nbsp;dijo hay&nbsp;dos proyectos&nbsp;tendientes a establecer nuevos sueldos, pero que \u201clos funcionarios que actualmente est\u00e1n en servicio no pueden verse perjudicados en sus remuneraciones, porque tienen&nbsp;derecho adquirido\u201d.<\/p>\n\n\n\n<p>\u201cNo es razonabledefender que existen derechos adquiridos para personas que ganan sueldos de $17 millones en un pa\u00eds con un sueldo medio de $780 mil\u201d, asegur\u00f3&nbsp;<strong>\u2018<\/strong>Rojo\u2019 Edwards, senador del Partido Social Cristiano, seg\u00fan consign\u00f3&nbsp;Radio&nbsp;<em>Cooperativa.<\/em><\/p>\n\n\n\n<p>Sin embargo,&nbsp;Jos\u00e9 Garc\u00eda Ruminot, presidente del Senado, se mostr\u00f3 en&nbsp;desacuerdocon sus pares y defendi\u00f3 los altos emolumentos de dichos funcionarios, puesto que&nbsp;<strong>\u201c<\/strong>son profesionales de excelencia<strong>\u201d<\/strong>, seg\u00fan dijo en conversaci\u00f3n con&nbsp;<em>CNN Chile.<\/em><\/p>\n\n\n\n<p>\u00bfC\u00f3mo andamos por casa?<\/p>\n\n\n\n<p>Un reportaje del diario La&nbsp;Prensa Austral informa que el gobernador Jorge Flies&nbsp;recibe un sueldo de $9 millones, un mill\u00f3n m\u00e1s que Boric.<\/p>\n\n\n\n<p>Le sigue Eugenia Mansilla &nbsp;con un sueldo de $6.927.000. Adriana Velasco, persona de confianza del Gobernador y que trabaj\u00f3 con \u00e9l en el Servicio de Salud, tiene un sueldo de $6.249.000, y el a\u00f1o pasado ganaba $3.800.000, un sueldo mayor al de la Directora de Comunicaciones de La Moneda.<\/p>\n\n\n\n<p>Ricardo Foretic, jefe de la Divisi\u00f3n de Infraestructura y Transporte, gana $7.141.000, 2 millones m\u00e1s que el Presidente de la Rep\u00fablica.<\/p>\n\n\n\n<p>En el servicio p\u00fablico est\u00e1 la papa.<\/p>\n","protected":false},"excerpt":{"rendered":"<p>Con la excepci\u00f3n de Magallanes, el domingo \u00faltimo el pa\u00eds vivi\u00f3 nuevamente una jornada de elecciones. Algunos pol\u00edticos, incluyendo al presidente Boric, dijeron que se hab\u00eda vivido una nueva demostraci\u00f3n&#8230; <a class=\"read-more\" href=\"https:\/\/www.radiopresidenteibanez.cl\/web\/al-servicio-publico\/\">Leer m\u00e1s<\/a><\/p>\n","protected":false},"author":2,"featured_media":52663,"comment_status":"closed","ping_status":"closed","sticky":false,"template":"","format":"standard","meta":{"footnotes":""},"categories":[1],"tags":[],"class_list":["post-52662","post","type-post","status-publish","format-standard","has-post-thumbnail","hentry","category-cronica"],"_links":{"self":[{"href":"https:\/\/www.radiopresidenteibanez.cl\/web\/wp-json\/wp\/v2\/posts\/52662","targetHints":{"allow":["GET"]}}],"collection":[{"href":"https:\/\/www.radiopresidenteibanez.cl\/web\/wp-json\/wp\/v2\/posts"}],"about":[{"href":"https:\/\/www.radiopresidenteibanez.cl\/web\/wp-json\/wp\/v2\/types\/post"}],"author":[{"embeddable":true,"href":"https:\/\/www.radiopresidenteibanez.cl\/web\/wp-json\/wp\/v2\/users\/2"}],"replies":[{"embeddable":true,"href":"https:\/\/www.radiopresidenteibanez.cl\/web\/wp-json\/wp\/v2\/comments?post=52662"}],"version-history":[{"count":0,"href":"https:\/\/www.radiopresidenteibanez.cl\/web\/wp-json\/wp\/v2\/posts\/52662\/revisions"}],"wp:featuredmedia":[{"embeddable":true,"href":"https:\/\/www.radiopresidenteibanez.cl\/web\/wp-json\/wp\/v2\/media\/52663"}],"wp:attachment":[{"href":"https:\/\/www.radiopresidenteibanez.cl\/web\/wp-json\/wp\/v2\/media?parent=52662"}],"wp:term":[{"taxonomy":"category","embeddable":true,"href":"https:\/\/www.radiopresidenteibanez.cl\/web\/wp-json\/wp\/v2\/categories?post=52662"},{"taxonomy":"post_tag","embeddable":true,"href":"https:\/\/www.radiopresidenteibanez.cl\/web\/wp-json\/wp\/v2\/tags?post=52662"}],"curies":[{"name":"wp","href":"https:\/\/api.w.org\/{rel}","templated":true}]}}