{"id":52610,"date":"2024-11-26T11:08:00","date_gmt":"2024-11-26T14:08:00","guid":{"rendered":"https:\/\/www.radiopresidenteibanez.cl\/web\/?p=52610"},"modified":"2024-11-26T10:54:37","modified_gmt":"2024-11-26T13:54:37","slug":"con-reconocimientos-a-las-trayectorias-se-realizo-el-vii-encuentro-regional-de-bibliotecas-escolares-cra-2024","status":"publish","type":"post","link":"https:\/\/www.radiopresidenteibanez.cl\/web\/con-reconocimientos-a-las-trayectorias-se-realizo-el-vii-encuentro-regional-de-bibliotecas-escolares-cra-2024\/","title":{"rendered":"Con reconocimientos a las trayectorias se realiz\u00f3 el \u00abVII Encuentro Regional de Bibliotecas Escolares CRA 2024\u00bb"},"content":{"rendered":"\n<p><br>En el sal\u00f3n de eventos del Liceo Luis Alberto Barrera, se realiz\u00f3 el pasado 20 de noviembre el&nbsp;<a>\u201cVII Encuentro Regional de Bibliotecas Escolares CRA 2024\u201d,<\/a>&nbsp;donde se conmemoraron los 30 a\u00f1os de implementaci\u00f3n del programa Centro de Recursos para el Aprendizaje (CRA), del&nbsp;Ministerio de Educaci\u00f3n.<\/p>\n\n\n\n<p>Asistieron a esta actividad, el seremi de Educaci\u00f3n, Valent\u00edn Aguilera G\u00f3mez; en tanto que de la misma instituci\u00f3n asistieron Myriam Pino Ruiz, coordinadora CRA; la jefa del Departamento de Educaci\u00f3n, Lorena Gonz\u00e1lez \u00c1guila, encargados\/as de las Bibliotecas Escolares CRA, educadoras de p\u00e1rvulos y docentes de las diferentes comunas de la regi\u00f3n, cumpliendo su prop\u00f3sito que es el de ser un espacio de formaci\u00f3n profesional y el intercambio de experiencias educativas innovadoras en la promoci\u00f3n y fortalecimiento de la lectura, escritura y comunicaci\u00f3n. En la ocasi\u00f3n se presentaron n\u00fameros art\u00edsticos representados por los mismos estudiantes que cautivaron al p\u00fablico presente.<\/p>\n\n\n\n<p>Asimismo, se otorg\u00f3 un reconocimiento a la trayectoria y gesti\u00f3n educativa en CRA de siete personas que trabajan en este programa:&nbsp; Mercedes Moreira Flores, del Liceo Gabriela Mistral de Natales (12 a\u00f1os); Mar\u00eda Mirna Gallardo Oyarzo, de la Escuela Baudilia Avenda\u00f1o de Yousuff de Natales (16 a\u00f1os); Jimena Arjel Hern\u00e1ndez, del Liceo Mar\u00eda Behety de Punta Arenas (16 a\u00f1os); Jos\u00e9 Vargas Paredes, de la Escuela Hernando de Magallanes de Punta Arenas (17 a\u00f1os); Oriana Gonz\u00e1lez Manquian, de la Escuela Rep\u00fablica de Croacia de Punta Arenas (18 a\u00f1os); Ximena Drummond Aravena, del Colegio Pierre Faure de Punta Arenas (25 a\u00f1os); y&nbsp; Soraya Troncoso Alvarado, de la Escuela Villa las Nieves de Punta Arenas (30 a\u00f1os).<\/p>\n\n\n\n<p>El seremi de Educaci\u00f3n, Valent\u00edn Aguilera, destac\u00f3 que \u201cen el marco de las pol\u00edticas de fomento lector que ha impulsado el Ministerio de Educaci\u00f3n durante el gobierno del Presidente Gabriel Boric, las cuales son profundamente significativas considerando nuestro Plan de Reactivaci\u00f3n Educativa, el trabajo que realizan las Bibliotecas CRA resulta fundamental y por este motivo, valoramos de manera especial este encuentro regional en el cual se han compartido saberes, estrategias, acciones relevantes y se ha distinguido a personas de destacada trayectoria en el mundo de las Bibliotecas CRA en este 30 aniversario de esta importante pol\u00edtica p\u00fablica\u201d.<\/p>\n\n\n\n<p>Flor D\u00edaz Aguilar, coordinadora de la biblioteca CRA de la Escuela Santiago Bueras de Natales, manifest\u00f3: \u201cComo comunidad educativa nos dimos cuenta de que debemos crear instancias de animaci\u00f3n a la lectura o acercamiento a los libros desde la primera infancia y ojal\u00e1 que \u00e9stas sean apoyadas por la familia. Con esta mirada hemos realizado actividades en donde realizamos pr\u00e9stamos desde pre kinder y creamos instancias donde nuestros padres y apoderados puedan visitar nuestra biblioteca y conocer nuestra gran colecci\u00f3n, para que ellos sean part\u00edcipes de este proceso con sus ni\u00f1os y ni\u00f1as\u201d.<\/p>\n\n\n\n<p>Por su parte, la representante de Fundaci\u00f3n La Fuente, Daniela Happke Rivera, que particip\u00f3 en la ceremonia indic\u00f3: \u201cMi trabajo consiste en realizar un acompa\u00f1amiento y asesor\u00eda en fomento lector para las bibliotecas escolares que han sido ganadoras del concurso de bibliotecas escolares Viva Leer Copec. Esta asesor\u00eda dura dos a\u00f1os, y parte con la implementaci\u00f3n de la biblioteca, que incluye mobiliario y una colecci\u00f3n de 2.000 libros, enfocados principalmente en lectura recreativa. Tratamos de contribuir, haciendo que la brecha o tensi\u00f3n que suele existir entre los estudiantes y la lectura se pueda distender, involucrando diversos factores, como partir con una buena selecci\u00f3n de textos con alta calidad literaria y editorial\u201d.<\/p>\n","protected":false},"excerpt":{"rendered":"<p>En el sal\u00f3n de eventos del Liceo Luis Alberto Barrera, se realiz\u00f3 el pasado 20 de noviembre el&nbsp;\u201cVII Encuentro Regional de Bibliotecas Escolares CRA 2024\u201d,&nbsp;donde se conmemoraron los 30 a\u00f1os&#8230; <a class=\"read-more\" href=\"https:\/\/www.radiopresidenteibanez.cl\/web\/con-reconocimientos-a-las-trayectorias-se-realizo-el-vii-encuentro-regional-de-bibliotecas-escolares-cra-2024\/\">Leer m\u00e1s<\/a><\/p>\n","protected":false},"author":2,"featured_media":52611,"comment_status":"closed","ping_status":"closed","sticky":false,"template":"","format":"standard","meta":{"footnotes":""},"categories":[1],"tags":[],"class_list":["post-52610","post","type-post","status-publish","format-standard","has-post-thumbnail","hentry","category-cronica"],"_links":{"self":[{"href":"https:\/\/www.radiopresidenteibanez.cl\/web\/wp-json\/wp\/v2\/posts\/52610","targetHints":{"allow":["GET"]}}],"collection":[{"href":"https:\/\/www.radiopresidenteibanez.cl\/web\/wp-json\/wp\/v2\/posts"}],"about":[{"href":"https:\/\/www.radiopresidenteibanez.cl\/web\/wp-json\/wp\/v2\/types\/post"}],"author":[{"embeddable":true,"href":"https:\/\/www.radiopresidenteibanez.cl\/web\/wp-json\/wp\/v2\/users\/2"}],"replies":[{"embeddable":true,"href":"https:\/\/www.radiopresidenteibanez.cl\/web\/wp-json\/wp\/v2\/comments?post=52610"}],"version-history":[{"count":0,"href":"https:\/\/www.radiopresidenteibanez.cl\/web\/wp-json\/wp\/v2\/posts\/52610\/revisions"}],"wp:featuredmedia":[{"embeddable":true,"href":"https:\/\/www.radiopresidenteibanez.cl\/web\/wp-json\/wp\/v2\/media\/52611"}],"wp:attachment":[{"href":"https:\/\/www.radiopresidenteibanez.cl\/web\/wp-json\/wp\/v2\/media?parent=52610"}],"wp:term":[{"taxonomy":"category","embeddable":true,"href":"https:\/\/www.radiopresidenteibanez.cl\/web\/wp-json\/wp\/v2\/categories?post=52610"},{"taxonomy":"post_tag","embeddable":true,"href":"https:\/\/www.radiopresidenteibanez.cl\/web\/wp-json\/wp\/v2\/tags?post=52610"}],"curies":[{"name":"wp","href":"https:\/\/api.w.org\/{rel}","templated":true}]}}