{"id":52592,"date":"2024-11-25T15:10:00","date_gmt":"2024-11-25T18:10:00","guid":{"rendered":"https:\/\/www.radiopresidenteibanez.cl\/web\/?p=52592"},"modified":"2024-11-25T11:45:07","modified_gmt":"2024-11-25T14:45:07","slug":"quiero-mi-barrio-del-minvu-invertira-396-millones-de-pesos-en-recuperar-areas-verdes-e-iluminacion-en-sector-de-camilo-henriquez","status":"publish","type":"post","link":"https:\/\/www.radiopresidenteibanez.cl\/web\/quiero-mi-barrio-del-minvu-invertira-396-millones-de-pesos-en-recuperar-areas-verdes-e-iluminacion-en-sector-de-camilo-henriquez\/","title":{"rendered":"Quiero Mi Barrio del MINVU invertir\u00e1 396 millones de pesos en recuperar \u00e1reas verdes e iluminaci\u00f3n en sector de Camilo Henr\u00edquez"},"content":{"rendered":"\n<p>Este jueves se realiz\u00f3 el hito de postura de primera piedra del proyecto de mejoramiento e implementaci\u00f3n de luminarias y \u00e1reas verdes recreativas en calle Fray Camilo Henr\u00edquez, entre calles Olegario G\u00f3mez y 18 de Septiembre. La iniciativa, priorizada por los propios vecinos y vecinas, forma parte del Plan de Gesti\u00f3n de Obras desarrollado por el programa Quiero Mi Barrio.<\/p>\n\n\n\n<p>El jefe del Departamento de Desarrollo Urbano de la Seremi MINVU, Arturo Z\u00fa\u00f1iga Trujillo, inform\u00f3 \u201cEl proyecto corresponde al mejoramiento de dos bandejones, m\u00e1s las luminarias, trabajos de accesibilidad universal, muros y drenes para corregir escurrimiento de aguas lluvias que afectaban a unas casas aleda\u00f1as a estos espacios\u201d.<\/p>\n\n\n\n<p>La obra, cuya inversi\u00f3n asciende a 396 millones de pesos provenientes del MINVU, potenciar\u00e1 las vistas que ofrece el \u00e1rea de intervenci\u00f3n, construyendo una plataforma en el sector alto, como un hito mirador del barrio. En tanto la accesibilidad de las circulaciones estar\u00e1 garantizada mediante la renovaci\u00f3n de aceras, instalaci\u00f3n de baldosas podot\u00e1ctiles y barandas.<\/p>\n\n\n\n<p>Durante la actividad, el Delegado Presidencial Regional, Jos\u00e9 Ruiz Pivcevic destac\u00f3 \u201cEl programa Quiero Mi Barrio del Ministerio de Vivienda y Urbanismo es sumamente relevante porque contiene un componente de participaci\u00f3n con la comunidad que hace que estas obras tengan un car\u00e1cter especial y lo que se decidi\u00f3 en conjunto con la Junta de Vecinos precisamente, es el recambio de m\u00e1s de 40 luminarias, brindar mayor seguridad peatonal con accesibilidad universal, barandas, escaleras. Este proceso de participaci\u00f3n y recuperar espacios p\u00fablicos juega un rol bien importante a la hora de la seguridad\u201d.<\/p>\n\n\n\n<p>Lo anterior fue reafirmado por la presidenta de la Junta de Vecinos N\u00b051, Camilo Henr\u00edquez, Edith Huenchum\u00e1n C\u00e1rdenas, quien expres\u00f3 \u201cVienen nuevos trabajos y proyectos sociales, eso es s\u00faper importante, son hartas obras que vienen de la mano con el programa Quiero Mi Barrio. La verdad que nosotros valorizamos harto este programa que lleg\u00f3 ac\u00e1 a la poblaci\u00f3n y a eso tambi\u00e9n hay que sacarle provecho\u201d.<\/p>\n\n\n\n<p>La inspecci\u00f3n t\u00e9cnica de las obras estar\u00e1 a cargo del Serviu regional, mientras que la ejecuci\u00f3n fue adjudicada v\u00eda licitaci\u00f3n p\u00fablica a la empresa constructora Comercial Impex. Se espera que los trabajos concluyan en marzo de 2025.<\/p>\n\n\n\n<p><strong>Intervenci\u00f3n multisectorial<\/strong><strong><\/strong><\/p>\n\n\n\n<p>La intervenci\u00f3n del programa Quiero Mi Barrio en el sector Camilo Henr\u00edquez, alcanza a 251 hogares ubicados en el pol\u00edgono de calles Fray Pedro Valderrama, Fray Camilo Henr\u00edquez, Eusebio Lillo y Avenida Brazil, donde confluyen la poblaci\u00f3n Camilo Henr\u00edquez construida por el Serviu en 1983, m\u00e1s medio centenar de viviendas del denominado \u201cLoteo Ahern\u201d.<\/p>\n\n\n\n<p>A la fecha se encuentra finalizada la Obra de Confianza del Programa Quiero Mi Barrio, consistente en la instalaci\u00f3n de canastillos para el dep\u00f3sito de residuos domiciliarios. Otra iniciativa del MINVU ejecutada en el sector y que registra un 90% de avance, es el mejoramiento vial de calzadas de tierra y aquellas que presentaban mayor deterioro, a trav\u00e9s del Programa de Pavimentos Participativos en calles Fray Camilo Henr\u00edquez, Gaspar Mar\u00edn, Rolando Matus, Olegario G\u00f3mez, Manuel Gandarillas, Manuel Rengifo, Pasaje 4, Pasaje Brazil y pasajes 1 y 2 de Fray Valderrama<\/p>\n\n\n\n<p>Adem\u00e1s, en el esp\u00edritu del Programa Quiero Mi Barrio de atraer inversi\u00f3n p\u00fablica intersectorial para las diferentes iniciativas del Plan de Gesti\u00f3n de Obras, ya se encuentra finalizado el mejoramiento de cuatro plazoletas con una inversi\u00f3n de 350 millones de pesos aportada por el Gobierno Regional. Mientras que un proyecto de seguridad vial se encuentra en etapa de postulaci\u00f3n a la Subdere para su financiamiento y ejecuci\u00f3n.<\/p>\n\n\n\n<p>El desarrollo de este programa est\u00e1 a cargo de equipos profesionales de la Seremi MINVU y la Municipalidad.<\/p>\n","protected":false},"excerpt":{"rendered":"<p>Este jueves se realiz\u00f3 el hito de postura de primera piedra del proyecto de mejoramiento e implementaci\u00f3n de luminarias y \u00e1reas verdes recreativas en calle Fray Camilo Henr\u00edquez, entre calles&#8230; <a class=\"read-more\" href=\"https:\/\/www.radiopresidenteibanez.cl\/web\/quiero-mi-barrio-del-minvu-invertira-396-millones-de-pesos-en-recuperar-areas-verdes-e-iluminacion-en-sector-de-camilo-henriquez\/\">Leer m\u00e1s<\/a><\/p>\n","protected":false},"author":2,"featured_media":52593,"comment_status":"closed","ping_status":"closed","sticky":false,"template":"","format":"standard","meta":{"footnotes":""},"categories":[1],"tags":[],"class_list":["post-52592","post","type-post","status-publish","format-standard","has-post-thumbnail","hentry","category-cronica"],"_links":{"self":[{"href":"https:\/\/www.radiopresidenteibanez.cl\/web\/wp-json\/wp\/v2\/posts\/52592","targetHints":{"allow":["GET"]}}],"collection":[{"href":"https:\/\/www.radiopresidenteibanez.cl\/web\/wp-json\/wp\/v2\/posts"}],"about":[{"href":"https:\/\/www.radiopresidenteibanez.cl\/web\/wp-json\/wp\/v2\/types\/post"}],"author":[{"embeddable":true,"href":"https:\/\/www.radiopresidenteibanez.cl\/web\/wp-json\/wp\/v2\/users\/2"}],"replies":[{"embeddable":true,"href":"https:\/\/www.radiopresidenteibanez.cl\/web\/wp-json\/wp\/v2\/comments?post=52592"}],"version-history":[{"count":0,"href":"https:\/\/www.radiopresidenteibanez.cl\/web\/wp-json\/wp\/v2\/posts\/52592\/revisions"}],"wp:featuredmedia":[{"embeddable":true,"href":"https:\/\/www.radiopresidenteibanez.cl\/web\/wp-json\/wp\/v2\/media\/52593"}],"wp:attachment":[{"href":"https:\/\/www.radiopresidenteibanez.cl\/web\/wp-json\/wp\/v2\/media?parent=52592"}],"wp:term":[{"taxonomy":"category","embeddable":true,"href":"https:\/\/www.radiopresidenteibanez.cl\/web\/wp-json\/wp\/v2\/categories?post=52592"},{"taxonomy":"post_tag","embeddable":true,"href":"https:\/\/www.radiopresidenteibanez.cl\/web\/wp-json\/wp\/v2\/tags?post=52592"}],"curies":[{"name":"wp","href":"https:\/\/api.w.org\/{rel}","templated":true}]}}