{"id":52574,"date":"2024-11-25T08:30:58","date_gmt":"2024-11-25T11:30:58","guid":{"rendered":"https:\/\/www.radiopresidenteibanez.cl\/web\/?p=52574"},"modified":"2024-11-25T08:31:04","modified_gmt":"2024-11-25T11:31:04","slug":"los-40-anos-del-tratado-de-paz-y-amistad","status":"publish","type":"post","link":"https:\/\/www.radiopresidenteibanez.cl\/web\/los-40-anos-del-tratado-de-paz-y-amistad\/","title":{"rendered":"LOS 40 A\u00d1OS DEL TRATADO DE PAZ Y AMISTAD"},"content":{"rendered":"\n<p>Este 29 de noviembre se conmemoran los cuarenta a\u00f1os, de la firma del \u201cTratado de Paz y Amistad\u201d entre Argentina y Chile en 1984, que puso t\u00e9rmino al conflicto lim\u00edtrofe, entre ambos pa\u00edses. Un conflicto que tuvo a las dos naciones hermanas, al borde de una guerra, en diciembre del a\u00f1o 1978, en plena dictadura militar en ambos pa\u00edses. La firma del tratado fue recibida con alborozo en la Patagonia chileno-argentina, tierra donde el tr\u00e1nsito y la relaci\u00f3n es cotidiana entre los pueblos hermanos, y la frontera en miles de kil\u00f3metros, la marca una alambrada o un simple hito geogr\u00e1fico.<br>La fecha en cuesti\u00f3n ha sido recordada cada vez por los dos pa\u00edses, con sendos actos protocolares<br>del m\u00e1s alto nivel pol\u00edtico y diplom\u00e1tico. Para el d\u00e9cimo aniversario de la firma en 1994, gobernaba en Chile Patricio Aylwin y en Argentina, Carlos Menem, Se efectuaron ceremonias bilaterales, en Santiago y Buenos Aires, con participaci\u00f3n de funcionarios del m\u00e1s alto nivel diplom\u00e1tico y l\u00edderes pol\u00edticos. Reafirmando el compromiso de resolver pac\u00edficamente las controversias, destacando el \u00e9xito alcanzado por el di\u00e1logo.<br>Asimismo, se efectuaron actividades culturales y exposiciones art\u00edsticas, promoviendo el intercambio. Se hizo reconocimiento a la gesti\u00f3n del Vaticano, el que, a trav\u00e9s de la mediaci\u00f3n del Papa, pudo destrabar el conflicto. Se rindi\u00f3 homenaje, por esto, tanto al Papa Juan Pablo II como al cardenal Antonio Samor\u00e9.<br>La conmemoraci\u00f3n de los veinte a\u00f1os del tratado, les correspondi\u00f3 encabezarla en 2004 al presidente Ricardo Lagos y a N\u00e9stor Kirchner. En esa oportunidad se inauguraron pasos fronterizos, y se anunci\u00f3 la modernizaci\u00f3n de otros como el Paso Integraci\u00f3n Austral en la regi\u00f3n de Magallanes y de la ant\u00e1rtica chilena.<br>Se efectuaron seminarios y foros acad\u00e9micos, para analizar el tratado en contexto de la resoluci\u00f3n de conflictos. internacionales. Tambi\u00e9n en esta ocasi\u00f3n se realizaron eventos art\u00edsticos, con m\u00fasica, cine y literatura, en ambos lados de la frontera, para fortalecer los lazos de hermandad entre nuestros pueblos.<br>Los treinta a\u00f1os de la firma del tratado, en 2014, le correspondi\u00f3 a la presidenta Michelle Bachelet y a la presidenta Cristina Fern\u00e1ndez, encabezar las actividades, La ceremonia principal, se efectu\u00f3 en el Congreso de la Naci\u00f3n Argentina. Se trat\u00f3 de un acto solemne con participaci\u00f3n de las m\u00e1ximas autoridades de ambos pa\u00edses, y discursos de ambas mandatarias, exaltando la firma del tratado, como ejemplo de logro diplom\u00e1tico de Chile y Argentina. Se efectuaron actos simb\u00f3licos en pasos fronterizos, con actividades culturales y deportivas, para resaltando la uni\u00f3n de las comunidades argentinas y chilenas. Para dar mayor realce a la conmemoraci\u00f3n, se efectuaron foros internacionales, en Santiago y Buenos Aires, en el \u00e1mbito del derecho internacional y la cooperaci\u00f3n bilateral. Se presentaron documentales que narraban los detalles del conflicto del Beagle, el papel del Vaticano en la mediaci\u00f3n y la firma del tratado. Se lanzaron libros<br>conmemorativos escritos por historiadores y protagonistas del momento hist\u00f3rico de la firma. Se realizaron presentaciones conjuntas, de orquestas y compa\u00f1\u00edas de teatro de ambos pa\u00edses, relevando la hermandad cultural. Finamente se rindi\u00f3 homenaje a los ciudadanos, acad\u00e9micos y organizaciones que trabajaron para promover la paz y la integraci\u00f3n entre Chile y Argentina.<br>Para la conmemoraci\u00f3n del cuadrag\u00e9simo aniversario de la firma del trato de Paz y Amistad, la<br>comunidad chileno-argentina, en especial quienes habitamos la Patagonia austral esperamos expectantes las se\u00f1ales del estado central de ambos pa\u00edses. Mal que mal es en el vasto territorio de la regi\u00f3n de Magallanes y de la ant\u00e1rtica chilena, donde se vivi\u00f3 con urgencia y dramatismo, aquel a\u00f1o 1978, en que Chile y Argentina, vivimos en peligro. A lejanos cuarenta a\u00f1os de la firma del tratado, cuesta imaginar la zozobra constante en que pasaban sus d\u00edas los magall\u00e1nicos y magall\u00e1nicas. Con advertencias y recomendaciones sobre los alimentos, agua, velas y otros enseres, que deb\u00eda guardarse en caso de emergencia. Y con el ruido de aviones en vuelo nocturno, trayendo pertrechos y tropas, para defender nuestra soberan\u00eda. No es para tomar a la ligera, el riesgo de una guerra fratricida al que estuvimos expuestos. Con reg\u00edmenes dictatoriales a ambos<br>lados del \u201calambre\u201d, con toda clase de restricciones a las libertades, sin participaci\u00f3n ciudadana, ni un congreso electo democr\u00e1ticamente, que pudiera opinar al respecto. El destino de la patria, nunca fue m\u00e1s incierto y m\u00e1s fr\u00e1gil que en aquel momento. Y, sin embargo, la mediaci\u00f3n papal, logr\u00f3 lo que parec\u00eda lejano, un acuerdo entre los dos pa\u00edses, que alej\u00f3 el riesgo de enfrentamiento, y paviment\u00f3 el camino para el afianzamiento de los lazos, y la construcci\u00f3n de una paz duradera.<\/p>\n\n\n\n<p>Para la conmemoraci\u00f3n de este a\u00f1o, El 21 de octubre se efectu\u00f3 el seminario conmemorativo de la<br>firma del tratado, convocado por el Consejo Chileno de Relaciones Internacionales el Ministerio de Relaciones Exteriores en el Congreso de la Naci\u00f3n Argentina. Este seminario cont\u00f3 con la participaci\u00f3n del canciller de Chile, Alberto Van Klaveren, el Arzobispo de Santiago, Fernando Chomal\u00ed; el embajador Ra\u00fal Alconada Semp\u00e9, ex Subsecretario de RR.EE. y Culto de Argentina; el embajador (r) Milenko E. Skoknic, delegado chileno en la mediaci\u00f3n papal; el embajador Mart\u00edn Garc\u00eda Morit\u00e1n, delegado argentino en la mediaci\u00f3n papal; el embajador de Argentina en Chile, Jorge Faurie; el embajador de Chile en Argentina, Jos\u00e9 Antonio Viera Gallo; la ex directora nacional de la Direcci\u00f3n de Fronteras y L\u00edmites del Estado, Mar\u00eda Teresa Infante, y exministro Sergio Bitar, miembro del Foro Di\u00e1logo Estrat\u00e9gico Chile \u2013 Argentina 2030. Asimismo, concurrieron<br>a la ceremonia, en representaci\u00f3n del parlamento chileno, el presidente del Senado de Chile Jos\u00e9 Garc\u00eda Ruminot, y los senadores Jos\u00e9 Miguel Insulza, Luz Ebensperger, Francisco Chahu\u00e1n y Juan Ignacio Latorre.<br>Esta ceremonia fue encabezada, por la presidenta del Senado de Argentina, Victoria Villarruel, legisladores y los m\u00e1ximos representantes diplom\u00e1ticos de ambos pa\u00edses.<br>El caso es, que cuando todos esper\u00e1bamos la confirmaci\u00f3n de actividades entre las que se incluye un encuentro en El Vaticano, una ceremonia con participaci\u00f3n de ambos presidentes, y un encuentro de cancilleres, ahora todo est\u00e1 por confirmarse. Versiones de prensa informan que durante el encuentro de pa\u00edses de G-20 efectuado en R\u00edo de Janeiro la semana pasada, al que Chile y Argentina fueron invitados, se habr\u00eda producido un impasse no previsto. Se se\u00f1ala que, en dicha actividad, la delegaci\u00f3n argentina habr\u00eda expresado su contrariedad, ante expresiones cr\u00edticas formuladas, por \u201cquien encabeza la delegaci\u00f3n chilena\u201d, En el lenguaje cr\u00edptico y alambicado usual en el \u00e1mbito diplom\u00e1tico, no se atribuye directamente al presidente Boric, tales dichos, pero es obvio que era \u00e9l quien encabezaba la delegaci\u00f3n. Asimismo, dichas expresiones,<br>se habr\u00edan vertido en medio de su intervenci\u00f3n en el G-20, refiri\u00e9ndose en forma cr\u00edtica y en gen\u00e9rico a los gobiernos de corte neoliberal. Resulta ins\u00f3lito, por decir lo menos, que se busque excusas tan peregrinas, para suspender las actividades conmemorativas de los 40 a\u00f1os. La cercan\u00eda o lejan\u00eda ideol\u00f3gica, nunca fue \u00f3bice, para que los gobiernos de Chile y Argentina, en 1994, 2004 y 2014, hicieran sus mejores esfuerzos por conmemorar, el fruto m\u00e1s preciado de nuestras relaciones diplom\u00e1ticas. Consagrar la paz, ya por largos cuarenta a\u00f1os consolidando una relaci\u00f3n madura de amistad entre los pueblos argentino y chileno, no puede quedar entregado al vaiv\u00e9n de personalidades, de tan fr\u00e1gil temperamento. A esta fecha se ha descartado un<br>encuentro entre los presidentes de ambas naciones, por \u201cmotivos de agenda\u201d, e incluso ya se descarta la concurrencia del canciller argentino, al encuentro que organiza El Vaticano en Roma.<br>Nunca ha sido, ni debe ser materia de nuestras relaciones diplom\u00e1ticas, si hay coincidencia o no en las visiones de la sociedad o la econom\u00eda, que tienen nuestros gobiernos. Principalmente porque las relaciones internacionales son entre estados, que a diferencia de los gobiernos que van y vienen, son permanentes. Es seguro que en Chile s\u00f3lo un sector minoritario, adhiere a las posturas ideol\u00f3gicas ultras liberales del presidente Milei, pero, aunque fuera, al contrario, ser\u00eda irrelevante, por cuanto quien dirige las relaciones internacionales de Chile es nuestro jefe de estado. En esto no ha habido dos opiniones, en el pasado, gobierno y oposici\u00f3n siempre han respetado las decisiones que en esta materia adopte, el o la presidenta de turno. Aunque nos parezca inveros\u00edmil la explicaci\u00f3n, dicha en sordina, por los funcionarios de gobierno<br>argentino, estamos ante un hecho pol\u00edtico de la mayor gravedad. No debe mirarse a la ligera, el gesto profundamente negativo que significa, suspender unilateralmente las principales actividades conmemorativas de este a\u00f1o. No puede sino tomarse como un gesto inamistoso del gobierno central argentino, que desde la Patagonia austral miramos con extra\u00f1eza y rechazo. Las relaciones de cercana vecindad que hemos cultivado en estos cuarenta a\u00f1os, en la Patagonia austral chileno-argentina, van m\u00e1s all\u00e1 de los gobiernos centrales de turno. Estamos ciertos que, desde este territorio austral, en el que vivimos y hacemos patria, sabremos honrar la memoria de aquellos hombres y mujeres, que hace cuarenta a\u00f1os nos legaron la paz de la que hoy disfrutamos.<br>\u00a1Viva la Patagonia chileno-argentina! \u00a1Vivan los 40 a\u00f1os del tratado de paz y amistad!<br>Ernesto Sep\u00falveda Tornero<\/p>\n\n\n\n<p><\/p>\n","protected":false},"excerpt":{"rendered":"<p>Este 29 de noviembre se conmemoran los cuarenta a\u00f1os, de la firma del \u201cTratado de Paz y Amistad\u201d entre Argentina y Chile en 1984, que puso t\u00e9rmino al conflicto lim\u00edtrofe,&#8230; <a class=\"read-more\" href=\"https:\/\/www.radiopresidenteibanez.cl\/web\/los-40-anos-del-tratado-de-paz-y-amistad\/\">Leer m\u00e1s<\/a><\/p>\n","protected":false},"author":2,"featured_media":52575,"comment_status":"closed","ping_status":"closed","sticky":false,"template":"","format":"standard","meta":{"footnotes":""},"categories":[1],"tags":[],"class_list":["post-52574","post","type-post","status-publish","format-standard","has-post-thumbnail","hentry","category-cronica"],"_links":{"self":[{"href":"https:\/\/www.radiopresidenteibanez.cl\/web\/wp-json\/wp\/v2\/posts\/52574","targetHints":{"allow":["GET"]}}],"collection":[{"href":"https:\/\/www.radiopresidenteibanez.cl\/web\/wp-json\/wp\/v2\/posts"}],"about":[{"href":"https:\/\/www.radiopresidenteibanez.cl\/web\/wp-json\/wp\/v2\/types\/post"}],"author":[{"embeddable":true,"href":"https:\/\/www.radiopresidenteibanez.cl\/web\/wp-json\/wp\/v2\/users\/2"}],"replies":[{"embeddable":true,"href":"https:\/\/www.radiopresidenteibanez.cl\/web\/wp-json\/wp\/v2\/comments?post=52574"}],"version-history":[{"count":0,"href":"https:\/\/www.radiopresidenteibanez.cl\/web\/wp-json\/wp\/v2\/posts\/52574\/revisions"}],"wp:featuredmedia":[{"embeddable":true,"href":"https:\/\/www.radiopresidenteibanez.cl\/web\/wp-json\/wp\/v2\/media\/52575"}],"wp:attachment":[{"href":"https:\/\/www.radiopresidenteibanez.cl\/web\/wp-json\/wp\/v2\/media?parent=52574"}],"wp:term":[{"taxonomy":"category","embeddable":true,"href":"https:\/\/www.radiopresidenteibanez.cl\/web\/wp-json\/wp\/v2\/categories?post=52574"},{"taxonomy":"post_tag","embeddable":true,"href":"https:\/\/www.radiopresidenteibanez.cl\/web\/wp-json\/wp\/v2\/tags?post=52574"}],"curies":[{"name":"wp","href":"https:\/\/api.w.org\/{rel}","templated":true}]}}