{"id":52571,"date":"2024-11-24T17:40:00","date_gmt":"2024-11-24T20:40:00","guid":{"rendered":"https:\/\/www.radiopresidenteibanez.cl\/web\/?p=52571"},"modified":"2024-11-24T15:42:51","modified_gmt":"2024-11-24T18:42:51","slug":"trabajo-comunitario-de-enap-magallanes-cierra-el-ano-con-encuentro-para-dirigentes-vecinales-de-punta-arenas","status":"publish","type":"post","link":"https:\/\/www.radiopresidenteibanez.cl\/web\/trabajo-comunitario-de-enap-magallanes-cierra-el-ano-con-encuentro-para-dirigentes-vecinales-de-punta-arenas\/","title":{"rendered":"Trabajo comunitario de Enap Magallanes cierra el a\u00f1o con encuentro para dirigentes vecinales de Punta Arenas"},"content":{"rendered":"\n<p>Valorando el apoyo permanente y las m\u00faltiples iniciativas que Enap pone a disposici\u00f3n de<br>la comunidad, cerca de 30 dirigentes vecinales de Punta Arenas participaron en el<br>Encuentro Anual 2024 que realiz\u00f3 la Unidad de Comunidades Enap Magallanes, la cual<br>eligi\u00f3 los particulares paisajes de San Juan, al sur de la ciudad, para culminar todo un a\u00f1o<br>de trabajo colaborativo con las uniones comunales.<br>La actividad incluy\u00f3 la posibilidad de conocer, con mayor detalle, las postulaciones a los<br>fondos concursables Enap Impulsa y el trabajo que la empresa realiza para promover<br>nuevas energ\u00edas en la regi\u00f3n. El gerente de Desarrollo de Nuevos Negocios de Enap,<br>Juris Ag\u00fcero, fue el encargado de dictar la charla de energ\u00edas, compartiendo con los<br>vecinos y vecinas los principales avances respecto del hidr\u00f3geno verde, particularmente<br>los acuerdos sostenidos con empresas desarrolladoras; adem\u00e1s de la construcci\u00f3n de<br>una planta de hidr\u00f3geno verde en Cabo Negro, dejando espacio para resolver algunas<br>consultas de los dirigentes.<br>Los participantes agradecieron la oportunidad de profundizar ambos temas y, en especial,<br>la posibilidad de salir de la ciudad, generando un espacio distinto en un a\u00f1o que ha sido<br>particularmente dif\u00edcil en el \u00e1mbito clim\u00e1tico. \u201cHemos tenido varias emergencias y<br>problemas respecto de la seguridad, y esto permite distraernos un rato y cargar energ\u00edas<br>para seguir cumpliendo nuestra labor\u201d, expres\u00f3 la presidenta de la Uni\u00f3n Comunal JJVV<br>Hernando de Magallanes, Raquel \u00c1lvarez.<br>Por su parte, la presidenta de la Uni\u00f3n Comunal Punta Arenas, Mari\u00f3n G\u00f3mez, coment\u00f3<br>que la instancia es una posibilidad \u201cde conversaci\u00f3n y que otros dirigentes se puedan<br>conocer. Aqu\u00ed somos dos uniones comunales y todos trabajamos por una sola causa que<br>es el cuidado de las personas, la ciudadan\u00eda; y Enap nos ha permitido disfrutar juntos\u201d,<br>expres\u00f3.<\/p>\n","protected":false},"excerpt":{"rendered":"<p>Valorando el apoyo permanente y las m\u00faltiples iniciativas que Enap pone a disposici\u00f3n dela comunidad, cerca de 30 dirigentes vecinales de Punta Arenas participaron en elEncuentro Anual 2024 que realiz\u00f3&#8230; <a class=\"read-more\" href=\"https:\/\/www.radiopresidenteibanez.cl\/web\/trabajo-comunitario-de-enap-magallanes-cierra-el-ano-con-encuentro-para-dirigentes-vecinales-de-punta-arenas\/\">Leer m\u00e1s<\/a><\/p>\n","protected":false},"author":2,"featured_media":52572,"comment_status":"closed","ping_status":"closed","sticky":false,"template":"","format":"standard","meta":{"footnotes":""},"categories":[1],"tags":[],"class_list":["post-52571","post","type-post","status-publish","format-standard","has-post-thumbnail","hentry","category-cronica"],"_links":{"self":[{"href":"https:\/\/www.radiopresidenteibanez.cl\/web\/wp-json\/wp\/v2\/posts\/52571","targetHints":{"allow":["GET"]}}],"collection":[{"href":"https:\/\/www.radiopresidenteibanez.cl\/web\/wp-json\/wp\/v2\/posts"}],"about":[{"href":"https:\/\/www.radiopresidenteibanez.cl\/web\/wp-json\/wp\/v2\/types\/post"}],"author":[{"embeddable":true,"href":"https:\/\/www.radiopresidenteibanez.cl\/web\/wp-json\/wp\/v2\/users\/2"}],"replies":[{"embeddable":true,"href":"https:\/\/www.radiopresidenteibanez.cl\/web\/wp-json\/wp\/v2\/comments?post=52571"}],"version-history":[{"count":0,"href":"https:\/\/www.radiopresidenteibanez.cl\/web\/wp-json\/wp\/v2\/posts\/52571\/revisions"}],"wp:featuredmedia":[{"embeddable":true,"href":"https:\/\/www.radiopresidenteibanez.cl\/web\/wp-json\/wp\/v2\/media\/52572"}],"wp:attachment":[{"href":"https:\/\/www.radiopresidenteibanez.cl\/web\/wp-json\/wp\/v2\/media?parent=52571"}],"wp:term":[{"taxonomy":"category","embeddable":true,"href":"https:\/\/www.radiopresidenteibanez.cl\/web\/wp-json\/wp\/v2\/categories?post=52571"},{"taxonomy":"post_tag","embeddable":true,"href":"https:\/\/www.radiopresidenteibanez.cl\/web\/wp-json\/wp\/v2\/tags?post=52571"}],"curies":[{"name":"wp","href":"https:\/\/api.w.org\/{rel}","templated":true}]}}