{"id":5254,"date":"2019-06-21T15:35:04","date_gmt":"2019-06-21T15:35:04","guid":{"rendered":"http:\/\/www.radiopresidenteibanez.cl\/web\/?p=5254"},"modified":"2019-06-21T15:35:48","modified_gmt":"2019-06-21T15:35:48","slug":"presidente-regional-del-partido-socialista-se-refirio-a-las-palabras-de-osvaldo-andrade-y-elecciones-internas-del-ps","status":"publish","type":"post","link":"https:\/\/www.radiopresidenteibanez.cl\/web\/presidente-regional-del-partido-socialista-se-refirio-a-las-palabras-de-osvaldo-andrade-y-elecciones-internas-del-ps\/","title":{"rendered":"PRESIDENTE REGIONAL DEL PARTIDO SOCIALISTA SE REFIRI\u00d3 A LAS PALABRAS DE OSVALDO ANDRADE Y ELECCIONES INTERNAS DEL PS"},"content":{"rendered":"\n<p>En el programa \u00abQue Tarde, Esta Tarde\u00bb, el presidente regional del Partido Socialista, Eduardo Manzanares, se refiri\u00f3 a las elecciones internas del PS, as\u00ed tambi\u00e9n de las palabras del ex presidente nacional, Osvaldo Andrade, quien expres\u00f3 que la vinculaci\u00f3n entre la pol\u00edtica y narcotraficante \u00abestaba a la vista\u00bb<\/p>\n\n\n\n<p>Link del programa:  <a href=\"https:\/\/www.facebook.com\/287588041574\/videos\/840870202946498\/\">https:\/\/www.facebook.com\/287588041574\/videos\/840870202946498\/<\/a> <\/p>\n\n\n\n<figure class=\"wp-block-image\"><img loading=\"lazy\" decoding=\"async\" width=\"900\" height=\"409\" src=\"https:\/\/www.radiopresidenteibanez.cl\/web\/wp-content\/uploads\/2019\/06\/Sin-t\u00edtulo.png\" alt=\"\" class=\"wp-image-5255\" srcset=\"https:\/\/www.radiopresidenteibanez.cl\/web\/wp-content\/uploads\/2019\/06\/Sin-t\u00edtulo.png 900w, https:\/\/www.radiopresidenteibanez.cl\/web\/wp-content\/uploads\/2019\/06\/Sin-t\u00edtulo-300x136.png 300w, https:\/\/www.radiopresidenteibanez.cl\/web\/wp-content\/uploads\/2019\/06\/Sin-t\u00edtulo-768x349.png 768w\" sizes=\"auto, (max-width: 900px) 100vw, 900px\" \/><\/figure>\n","protected":false},"excerpt":{"rendered":"<p>En el programa \u00abQue Tarde, Esta Tarde\u00bb, el presidente regional del Partido Socialista, Eduardo Manzanares, se refiri\u00f3 a las elecciones internas del PS, as\u00ed tambi\u00e9n de las palabras del ex&#8230; <a class=\"read-more\" href=\"https:\/\/www.radiopresidenteibanez.cl\/web\/presidente-regional-del-partido-socialista-se-refirio-a-las-palabras-de-osvaldo-andrade-y-elecciones-internas-del-ps\/\">Leer m\u00e1s<\/a><\/p>\n","protected":false},"author":2,"featured_media":5255,"comment_status":"closed","ping_status":"closed","sticky":false,"template":"","format":"standard","meta":{"footnotes":""},"categories":[5,36],"tags":[],"class_list":["post-5254","post","type-post","status-publish","format-standard","has-post-thumbnail","hentry","category-politica","category-videos"],"_links":{"self":[{"href":"https:\/\/www.radiopresidenteibanez.cl\/web\/wp-json\/wp\/v2\/posts\/5254","targetHints":{"allow":["GET"]}}],"collection":[{"href":"https:\/\/www.radiopresidenteibanez.cl\/web\/wp-json\/wp\/v2\/posts"}],"about":[{"href":"https:\/\/www.radiopresidenteibanez.cl\/web\/wp-json\/wp\/v2\/types\/post"}],"author":[{"embeddable":true,"href":"https:\/\/www.radiopresidenteibanez.cl\/web\/wp-json\/wp\/v2\/users\/2"}],"replies":[{"embeddable":true,"href":"https:\/\/www.radiopresidenteibanez.cl\/web\/wp-json\/wp\/v2\/comments?post=5254"}],"version-history":[{"count":0,"href":"https:\/\/www.radiopresidenteibanez.cl\/web\/wp-json\/wp\/v2\/posts\/5254\/revisions"}],"wp:featuredmedia":[{"embeddable":true,"href":"https:\/\/www.radiopresidenteibanez.cl\/web\/wp-json\/wp\/v2\/media\/5255"}],"wp:attachment":[{"href":"https:\/\/www.radiopresidenteibanez.cl\/web\/wp-json\/wp\/v2\/media?parent=5254"}],"wp:term":[{"taxonomy":"category","embeddable":true,"href":"https:\/\/www.radiopresidenteibanez.cl\/web\/wp-json\/wp\/v2\/categories?post=5254"},{"taxonomy":"post_tag","embeddable":true,"href":"https:\/\/www.radiopresidenteibanez.cl\/web\/wp-json\/wp\/v2\/tags?post=5254"}],"curies":[{"name":"wp","href":"https:\/\/api.w.org\/{rel}","templated":true}]}}