{"id":525,"date":"2019-01-16T20:46:35","date_gmt":"2019-01-16T20:46:35","guid":{"rendered":"http:\/\/www.radiopresidenteibanez.cl\/web\/?p=525"},"modified":"2019-01-16T20:46:37","modified_gmt":"2019-01-16T20:46:37","slug":"hasta-el-4-de-febrero-hay-plazo-para-acogerse-a-la-ley-del-mono","status":"publish","type":"post","link":"https:\/\/www.radiopresidenteibanez.cl\/web\/hasta-el-4-de-febrero-hay-plazo-para-acogerse-a-la-ley-del-mono\/","title":{"rendered":"HASTA EL 4 DE FEBRERO HAY PLAZO PARA ACOGERSE A LA \u201cLEY DEL MONO\u201d"},"content":{"rendered":"\n<p>Desde el a\u00f1o 2016 alrededor de mil 600 personas han regularizado sus propiedades en nuestra comuna mediante la Ley 20.898, m\u00e1s conocida como la \u00abLey del Mono\u00bb, la cual permite obtener Permiso de Edificaci\u00f3n y Recepci\u00f3n Final en un solo paso a trav\u00e9s de las Direcciones de Obras Municipales de todo el pa\u00eds.<\/p>\n\n\n\n<p>Es por esto que el alcalde Claudio Radonich, lleg\u00f3 hasta las dependencias de la Direcci\u00f3n de Obras, con el fin de realizar un llamado a los vecinos de nuestra ciudad, para que realicen el tr\u00e1mite y puedan acogerse a los beneficios de dicha Ley, la cual permite ingresar la solicitud hasta el pr\u00f3ximo 4 de febrero del a\u00f1o en curso.<\/p>\n\n\n\n<p>\u201cEs importante que nuestros vecinos sepan que existe dicho mecanismo, el que permite regularizar las edificaciones construidas antes del a\u00f1o 2016 por medio de la Direcci\u00f3n de Obras Municipales, ya que ello les permitir\u00e1 poder acceder a los diversos beneficios que entrega el Estado asociados a Vivienda y adem\u00e1s les da libertad para poder vender u obtener patentes comerciales, si as\u00ed lo deseara en alg\u00fan momento\u201d, explic\u00f3 Radonich.<\/p>\n\n\n\n<p>Asimismo, Alex Saldivia Director de Obras Municipales, agreg\u00f3 que \u201cpara poder desarrollar correctamente el tr\u00e1mite, las personas deben ingresar un expediente o&nbsp; informe de arquitecto o profesional competente, que certifique que la construcci\u00f3n cumple con las normas de habitabilidad, seguridad, estabilidad e instalaciones interiores definidas en la Ley\u201d.<\/p>\n\n\n\n<p>Una vez ingresada la solicitud, la DOM tiene un plazo de 90 d\u00edas para la revisi\u00f3n y posterior entrega del certificado correspondiente.<\/p>\n\n\n\n<p>Seg\u00fan datos entregados por Saldivia, \u201cal d\u00eda de hoy cerca de mil 600 personas han regularizado su situaci\u00f3n, restando alrededor de 4 mil viviendas que no han iniciado el tr\u00e1mite, insistiendo en que a\u00fan queda tiempo para que realicen el ingreso del expediente en la oficina de la Direcci\u00f3n de Obras Municipales\u201d.<\/p>\n","protected":false},"excerpt":{"rendered":"<p>Desde el a\u00f1o 2016 alrededor de mil 600 personas han regularizado sus propiedades en nuestra comuna mediante la Ley 20.898, m\u00e1s conocida como la \u00abLey del Mono\u00bb, la cual permite&#8230; <a class=\"read-more\" href=\"https:\/\/www.radiopresidenteibanez.cl\/web\/hasta-el-4-de-febrero-hay-plazo-para-acogerse-a-la-ley-del-mono\/\">Leer m\u00e1s<\/a><\/p>\n","protected":false},"author":2,"featured_media":526,"comment_status":"closed","ping_status":"closed","sticky":false,"template":"","format":"standard","meta":{"footnotes":""},"categories":[1],"tags":[],"class_list":["post-525","post","type-post","status-publish","format-standard","has-post-thumbnail","hentry","category-cronica"],"_links":{"self":[{"href":"https:\/\/www.radiopresidenteibanez.cl\/web\/wp-json\/wp\/v2\/posts\/525","targetHints":{"allow":["GET"]}}],"collection":[{"href":"https:\/\/www.radiopresidenteibanez.cl\/web\/wp-json\/wp\/v2\/posts"}],"about":[{"href":"https:\/\/www.radiopresidenteibanez.cl\/web\/wp-json\/wp\/v2\/types\/post"}],"author":[{"embeddable":true,"href":"https:\/\/www.radiopresidenteibanez.cl\/web\/wp-json\/wp\/v2\/users\/2"}],"replies":[{"embeddable":true,"href":"https:\/\/www.radiopresidenteibanez.cl\/web\/wp-json\/wp\/v2\/comments?post=525"}],"version-history":[{"count":0,"href":"https:\/\/www.radiopresidenteibanez.cl\/web\/wp-json\/wp\/v2\/posts\/525\/revisions"}],"wp:featuredmedia":[{"embeddable":true,"href":"https:\/\/www.radiopresidenteibanez.cl\/web\/wp-json\/wp\/v2\/media\/526"}],"wp:attachment":[{"href":"https:\/\/www.radiopresidenteibanez.cl\/web\/wp-json\/wp\/v2\/media?parent=525"}],"wp:term":[{"taxonomy":"category","embeddable":true,"href":"https:\/\/www.radiopresidenteibanez.cl\/web\/wp-json\/wp\/v2\/categories?post=525"},{"taxonomy":"post_tag","embeddable":true,"href":"https:\/\/www.radiopresidenteibanez.cl\/web\/wp-json\/wp\/v2\/tags?post=525"}],"curies":[{"name":"wp","href":"https:\/\/api.w.org\/{rel}","templated":true}]}}