{"id":52494,"date":"2024-11-20T15:27:00","date_gmt":"2024-11-20T18:27:00","guid":{"rendered":"https:\/\/www.radiopresidenteibanez.cl\/web\/?p=52494"},"modified":"2024-11-20T12:04:13","modified_gmt":"2024-11-20T15:04:13","slug":"serpat-informa-alrededor-de-2-400-visitas-a-actividades-del-dia-del-patrimonio-de-ninos-ninas-y-adolescentes","status":"publish","type":"post","link":"https:\/\/www.radiopresidenteibanez.cl\/web\/serpat-informa-alrededor-de-2-400-visitas-a-actividades-del-dia-del-patrimonio-de-ninos-ninas-y-adolescentes\/","title":{"rendered":"Serpat informa alrededor de 2.400 visitas a actividades del D\u00eda del Patrimonio de Ni\u00f1os, Ni\u00f1as y Adolescentes"},"content":{"rendered":"\n<p>Este s\u00e1bado&nbsp;16 de noviembre se celebr\u00f3 en todo el pa\u00eds el&nbsp;D\u00eda del Patrimonio de Ni\u00f1os, Ni\u00f1as y Adolescentes. Organizado por el Servicio del Patrimonio Cultural (Serpat), en la Regi\u00f3n de Magallanes y de la Ant\u00e1rtica Chilena cont\u00f3 con 16 actividades en tres de las cuatro provincias, las que recibieron 2.395 visitas en total.A nivel nacional, se registraron m\u00e1s de 100.000 visitas a 700 actividades gratuitas en&nbsp;m\u00e1s de 130 comunas, gracias al esfuerzo conjunto de casi 400 organizaciones p\u00fablicas, privadas y de la sociedad civil.&nbsp;Este a\u00f1o, bajo el lema \u201cSalgamos a jugar\u201d, el evento rindi\u00f3 homenaje al D\u00eda Universal de la Ni\u00f1a y del Ni\u00f1o y a la Declaraci\u00f3n Universal de los Derechos de la Ni\u00f1ez, poniendo \u00e9nfasis en la transmisi\u00f3n intergeneracional de saberes a trav\u00e9s del juego.&nbsp;A modo de balance, el&nbsp;director regional del Serpat, Pablo Quercia, agradeci\u00f3 \u00abla participaci\u00f3n del&nbsp;Museo Hist\u00f3rico Municipal de&nbsp;Puerto Natales&nbsp;con la \u00abB\u00fasqueda del tesoro\u00bb&nbsp;y el Centro de Mineros de R\u00edo Turbio de dicha ciudad, con la entrega gratuita del libro&nbsp;\u00abTonel el minero de cuatro patas\u00bb de Ximena Abarz\u00faa. En Punta Arenas, destacamos el apoyo permanente del&nbsp;Espacio Cultural Casa Azul del Arte, que en esta ocasi\u00f3n particip\u00f3 con&nbsp;<\/p>\n\n\n\n<p>la obra de teatro de marionetas \u00abA Contraviento\u00bb que se present\u00f3 a sala llena, el taller \u00abEstampa tu arte\u00bb que tuvo tambi\u00e9n excelente convocatoria&nbsp;y la exposici\u00f3n&nbsp;\u00abPrimer Concurso de Grabado Escolar en Magallanes 2024\u00bb.&nbsp;Asimismo, agradecemos a nuevos actores que se han involucrado, como la&nbsp;Comunidad Convivir con la actividad \u00abExplorando el patrimonio a trav\u00e9s del juego y las artes\u00bb&nbsp;y&nbsp;Mercado Artesanal AMAPUQ (Zona Franca) con el \u00abTaller creativo de manualidades\u00bb. Adem\u00e1s, quiero hacer una menci\u00f3n especial al docente Enrique N\u00fa\u00f1ez y el equipo de Gastronom\u00eda del&nbsp;Liceo Polit\u00e9cnico \u00abCardenal Ra\u00fal Silva Henr\u00edquez\u00bb, que nos deleitaron&nbsp;con una degustaci\u00f3n de exquisitas preparaciones&nbsp;para relevar el Patrimonio Cultural Inmaterial\u00bb.&nbsp;Asimismo, destac\u00f3 \u00ablas actividades preparadas&nbsp;por distintas unidades del Serpat. Si bien&nbsp;en Puerto Williams algunas debieron suspenderse por razones clim\u00e1ticas,&nbsp;el Museo Territorial Yagan Usi organiz\u00f3&nbsp;una&nbsp;exposici\u00f3n de Postales Viajeras y el recorrido Realidad Virtual con&nbsp;lentes de realidad aumentada. En la actividad central que realizamos con apoyo del Centro Interactivo de Juegos y Movimiento-CIJUM,&nbsp;y donde contamos con un equipo de voluntarios coordinados por el Injuv, tuvimos&nbsp;un&nbsp;\u00abTrueque Literario\u00bb a cargo de&nbsp;la Biblioteca P\u00fablica N\u00b047, cuentacuentos patrimoniales&nbsp;y taller de juegos preparados por la Coordinaci\u00f3n Regional de Bibliotecas P\u00fablicas, adem\u00e1s de&nbsp;la exposici\u00f3n&nbsp;del Museo Regional de Magallanes del \u00abRestaurando para el Futuro\u00bb, el taller \u00abConoce a Don Mylo, un aut\u00e9ntico guardi\u00e1n del patrimonio\u00bb&nbsp;y&nbsp;\u00abUn paseo virtual por el Museo Regional de Magallanes\u00bb a trav\u00e9s de c\u00f3digos&nbsp;QR\u00bb.<\/p>\n","protected":false},"excerpt":{"rendered":"<p>Este s\u00e1bado&nbsp;16 de noviembre se celebr\u00f3 en todo el pa\u00eds el&nbsp;D\u00eda del Patrimonio de Ni\u00f1os, Ni\u00f1as y Adolescentes. Organizado por el Servicio del Patrimonio Cultural (Serpat), en la Regi\u00f3n de&#8230; <a class=\"read-more\" href=\"https:\/\/www.radiopresidenteibanez.cl\/web\/serpat-informa-alrededor-de-2-400-visitas-a-actividades-del-dia-del-patrimonio-de-ninos-ninas-y-adolescentes\/\">Leer m\u00e1s<\/a><\/p>\n","protected":false},"author":2,"featured_media":52495,"comment_status":"closed","ping_status":"closed","sticky":false,"template":"","format":"standard","meta":{"footnotes":""},"categories":[1],"tags":[],"class_list":["post-52494","post","type-post","status-publish","format-standard","has-post-thumbnail","hentry","category-cronica"],"_links":{"self":[{"href":"https:\/\/www.radiopresidenteibanez.cl\/web\/wp-json\/wp\/v2\/posts\/52494","targetHints":{"allow":["GET"]}}],"collection":[{"href":"https:\/\/www.radiopresidenteibanez.cl\/web\/wp-json\/wp\/v2\/posts"}],"about":[{"href":"https:\/\/www.radiopresidenteibanez.cl\/web\/wp-json\/wp\/v2\/types\/post"}],"author":[{"embeddable":true,"href":"https:\/\/www.radiopresidenteibanez.cl\/web\/wp-json\/wp\/v2\/users\/2"}],"replies":[{"embeddable":true,"href":"https:\/\/www.radiopresidenteibanez.cl\/web\/wp-json\/wp\/v2\/comments?post=52494"}],"version-history":[{"count":0,"href":"https:\/\/www.radiopresidenteibanez.cl\/web\/wp-json\/wp\/v2\/posts\/52494\/revisions"}],"wp:featuredmedia":[{"embeddable":true,"href":"https:\/\/www.radiopresidenteibanez.cl\/web\/wp-json\/wp\/v2\/media\/52495"}],"wp:attachment":[{"href":"https:\/\/www.radiopresidenteibanez.cl\/web\/wp-json\/wp\/v2\/media?parent=52494"}],"wp:term":[{"taxonomy":"category","embeddable":true,"href":"https:\/\/www.radiopresidenteibanez.cl\/web\/wp-json\/wp\/v2\/categories?post=52494"},{"taxonomy":"post_tag","embeddable":true,"href":"https:\/\/www.radiopresidenteibanez.cl\/web\/wp-json\/wp\/v2\/tags?post=52494"}],"curies":[{"name":"wp","href":"https:\/\/api.w.org\/{rel}","templated":true}]}}