{"id":52482,"date":"2024-11-20T10:29:00","date_gmt":"2024-11-20T13:29:00","guid":{"rendered":"https:\/\/www.radiopresidenteibanez.cl\/web\/?p=52482"},"modified":"2024-11-20T08:30:33","modified_gmt":"2024-11-20T11:30:33","slug":"ahora-estas-al-frente-y-aunque-nunca-lo-esperaste-te-sacaremos-los-ojos-somos-cuervos-que-tu-criaste-cantan-los-miserables","status":"publish","type":"post","link":"https:\/\/www.radiopresidenteibanez.cl\/web\/ahora-estas-al-frente-y-aunque-nunca-lo-esperaste-te-sacaremos-los-ojos-somos-cuervos-que-tu-criaste-cantan-los-miserables\/","title":{"rendered":"Ahora est\u00e1s al frente y aunque nunca lo esperaste te sacaremos los ojos somos cuervos que t\u00fa criaste..\u00bb cantan Los Miserables"},"content":{"rendered":"\n<p>&nbsp;Diversos parlamentarios comunistas y dirigentes de ese partido han expuesto en d\u00edas pasados, su malestar ante la resoluci\u00f3n de la Contralor\u00eda por un cambio de criterio en los contratos de empleados p\u00fablicos, como exponen diversos medios informativos. Nuevamente &#8211; y al igual como lo hicimos respecto de la manifestaci\u00f3n de CUT y ANEF en d\u00edas pasado relativa a la muerte de un gasfiter en La Moneda &#8211; saludamos la preocupacion de estos militantes partidarios por los trabajadores p\u00fablicos a contrata, pero al mismo tiempo hay que darles un tir\u00f3n de orejas porque no han demostrado la misma rapidez ni diligencia respecto de las aberraciones que a\u00fan hoy perduran en la legislaci\u00f3n y afectan a los trabajadores en la empresa privada.<\/p>\n\n\n\n<p>2.- En efecto, el presidente de la comisi\u00f3n trabajo de la C\u00e1mara de Diputados no ha mostrado la misma preocupaci\u00f3n respecto a la falta de normas legales para que los sindicatos con menos de 50 socios tengan garantizado el derecho a abrir una cuenta corriente o de ahorros para depositar sus cuotas, cerrando as\u00ed las puertas a mucho oportunista y corrupto que promueven organizaciones para despu\u00e9s robarse los dineros reunidos.<br>Poco o nada ha dicho esta autoridad y sus compa\u00f1eros de partido, respecto de las carencias de normas que establezcan indemnizaci\u00f3n por a\u00f1os de servicio por fallecimiento, o pedir se limite el tiempo para que el director nacional del trabajo se pronuncie respecto de las consultas sobre servicios m\u00ednimos y equipos de emergencia, lo que muchas veces supera los 60 d\u00edas. Y estas son solo algunas de las muchas deficiencias detectadas. Aunque es claro que nada cambiar\u00e1 si los trabajadores no reaccionamos.<\/p>\n","protected":false},"excerpt":{"rendered":"<p>&nbsp;Diversos parlamentarios comunistas y dirigentes de ese partido han expuesto en d\u00edas pasados, su malestar ante la resoluci\u00f3n de la Contralor\u00eda por un cambio de criterio en los contratos de&#8230; <a class=\"read-more\" href=\"https:\/\/www.radiopresidenteibanez.cl\/web\/ahora-estas-al-frente-y-aunque-nunca-lo-esperaste-te-sacaremos-los-ojos-somos-cuervos-que-tu-criaste-cantan-los-miserables\/\">Leer m\u00e1s<\/a><\/p>\n","protected":false},"author":2,"featured_media":52483,"comment_status":"closed","ping_status":"closed","sticky":false,"template":"","format":"standard","meta":{"footnotes":""},"categories":[1],"tags":[],"class_list":["post-52482","post","type-post","status-publish","format-standard","has-post-thumbnail","hentry","category-cronica"],"_links":{"self":[{"href":"https:\/\/www.radiopresidenteibanez.cl\/web\/wp-json\/wp\/v2\/posts\/52482","targetHints":{"allow":["GET"]}}],"collection":[{"href":"https:\/\/www.radiopresidenteibanez.cl\/web\/wp-json\/wp\/v2\/posts"}],"about":[{"href":"https:\/\/www.radiopresidenteibanez.cl\/web\/wp-json\/wp\/v2\/types\/post"}],"author":[{"embeddable":true,"href":"https:\/\/www.radiopresidenteibanez.cl\/web\/wp-json\/wp\/v2\/users\/2"}],"replies":[{"embeddable":true,"href":"https:\/\/www.radiopresidenteibanez.cl\/web\/wp-json\/wp\/v2\/comments?post=52482"}],"version-history":[{"count":0,"href":"https:\/\/www.radiopresidenteibanez.cl\/web\/wp-json\/wp\/v2\/posts\/52482\/revisions"}],"wp:featuredmedia":[{"embeddable":true,"href":"https:\/\/www.radiopresidenteibanez.cl\/web\/wp-json\/wp\/v2\/media\/52483"}],"wp:attachment":[{"href":"https:\/\/www.radiopresidenteibanez.cl\/web\/wp-json\/wp\/v2\/media?parent=52482"}],"wp:term":[{"taxonomy":"category","embeddable":true,"href":"https:\/\/www.radiopresidenteibanez.cl\/web\/wp-json\/wp\/v2\/categories?post=52482"},{"taxonomy":"post_tag","embeddable":true,"href":"https:\/\/www.radiopresidenteibanez.cl\/web\/wp-json\/wp\/v2\/tags?post=52482"}],"curies":[{"name":"wp","href":"https:\/\/api.w.org\/{rel}","templated":true}]}}