{"id":52476,"date":"2024-11-20T08:24:54","date_gmt":"2024-11-20T11:24:54","guid":{"rendered":"https:\/\/www.radiopresidenteibanez.cl\/web\/?p=52476"},"modified":"2024-11-20T08:24:58","modified_gmt":"2024-11-20T11:24:58","slug":"hyst-y-achs-firman-alianza-que-impulsa-acceso-de-servicios-de-salud-no-laboral","status":"publish","type":"post","link":"https:\/\/www.radiopresidenteibanez.cl\/web\/hyst-y-achs-firman-alianza-que-impulsa-acceso-de-servicios-de-salud-no-laboral\/","title":{"rendered":"HYST y ACHS firman alianza que impulsa acceso de servicios de salud no laboral"},"content":{"rendered":"\n<p>Con el objetivo de promover el bienestar integral de las personas, tanto dentro como fuera del \u00e1mbito laboral, la Asociaci\u00f3n de Hoteles y Servicios Tur\u00edsticos de Torres del Paine, HYST, y la Asociaci\u00f3n Chilena de Seguridad, ACHS, firmaron un importante acuerdo de colaboraci\u00f3n.<br>Este convenio busca acercar servicios de salud no laboral a los colaboradores de la<br>industria tur\u00edstica y a la comunidad en general, reforzando el compromiso mutuo de<br>ambas instituciones con la calidad de vida y el bienestar social.<br>De esta forma, HYST asumir\u00e1 la tarea de difundir proactivamente los servicios de salud no<br>laboral que ofrece la ACHS, mediante campa\u00f1as internas, charlas informativas y<br>distribuci\u00f3n de material educativo, para que la informaci\u00f3n llegue de manera efectiva a<br>los colaboradores del sector tur\u00edstico y a la comunidad local, fomentando una mayor<br>conciencia sobre la salud integral.<br>En tanto, la ACHS brindar\u00e1 apoyo t\u00e9cnico, materiales informativos adaptados a las<br>necesidades de la industria hotelera y establecer\u00e1 un canal de comunicaci\u00f3n permanente<br>con la HYST para coordinar acciones conjuntas, resolver dudas y asegurar un acceso<br>oportuno a los servicios de salud no laboral.<br>\u201cEste acuerdo marca un hito en nuestro compromiso por mejorar la calidad de vida de<br>quienes forman parte de la industria tur\u00edstica y de nuestra comunidad local. Junto a la<br>ACHS, buscamos ir m\u00e1s all\u00e1 del \u00e1mbito laboral, abordando la salud de manera integral y<br>contribuyendo a un futuro m\u00e1s saludable para todos\u201d, coment\u00f3 Sara Adema, gerente de<br>HYST.<br>Asimismo, Natalia Easton, gerente de la ACHS, manifest\u00f3 que \u201cestamos muy contentos de<br>estar firmando este acuerdo, para poder promover los servicios de salud no laboral que<br>estamos desarrollando desde la ACHS en nuestra agencia de Puerto Natales, con servicios<br>de medicina general, salud mental, kinesiolog\u00eda y traumatolog\u00eda por m\u00e9dico general. Es un<br>servicio abierto a toda la comunidad chilena, mayores de 18 a\u00f1os. Esperamos que toda la<br>industria tur\u00edstica y la comunidad en general pueda sacar provecho de este excelente<br>servicio\u201d.<\/p>\n\n\n\n<p>Para solicitar hora, debe ingresar al link https:\/\/www.achs.cl\/salud-no-<br>laboral?utm_source=google&amp;utm_medium=pmax_cpa&amp;utm_campaign=snl_todas_y_todo<br>s_unificada&amp;utm_content=todas_y_todos&amp;gad_source=1&amp;gbraid=0AAAAADNX0hwdvLgL<\/p>\n","protected":false},"excerpt":{"rendered":"<p>Con el objetivo de promover el bienestar integral de las personas, tanto dentro como fuera del \u00e1mbito laboral, la Asociaci\u00f3n de Hoteles y Servicios Tur\u00edsticos de Torres del Paine, HYST,&#8230; <a class=\"read-more\" href=\"https:\/\/www.radiopresidenteibanez.cl\/web\/hyst-y-achs-firman-alianza-que-impulsa-acceso-de-servicios-de-salud-no-laboral\/\">Leer m\u00e1s<\/a><\/p>\n","protected":false},"author":2,"featured_media":52477,"comment_status":"closed","ping_status":"closed","sticky":false,"template":"","format":"standard","meta":{"footnotes":""},"categories":[1],"tags":[],"class_list":["post-52476","post","type-post","status-publish","format-standard","has-post-thumbnail","hentry","category-cronica"],"_links":{"self":[{"href":"https:\/\/www.radiopresidenteibanez.cl\/web\/wp-json\/wp\/v2\/posts\/52476","targetHints":{"allow":["GET"]}}],"collection":[{"href":"https:\/\/www.radiopresidenteibanez.cl\/web\/wp-json\/wp\/v2\/posts"}],"about":[{"href":"https:\/\/www.radiopresidenteibanez.cl\/web\/wp-json\/wp\/v2\/types\/post"}],"author":[{"embeddable":true,"href":"https:\/\/www.radiopresidenteibanez.cl\/web\/wp-json\/wp\/v2\/users\/2"}],"replies":[{"embeddable":true,"href":"https:\/\/www.radiopresidenteibanez.cl\/web\/wp-json\/wp\/v2\/comments?post=52476"}],"version-history":[{"count":0,"href":"https:\/\/www.radiopresidenteibanez.cl\/web\/wp-json\/wp\/v2\/posts\/52476\/revisions"}],"wp:featuredmedia":[{"embeddable":true,"href":"https:\/\/www.radiopresidenteibanez.cl\/web\/wp-json\/wp\/v2\/media\/52477"}],"wp:attachment":[{"href":"https:\/\/www.radiopresidenteibanez.cl\/web\/wp-json\/wp\/v2\/media?parent=52476"}],"wp:term":[{"taxonomy":"category","embeddable":true,"href":"https:\/\/www.radiopresidenteibanez.cl\/web\/wp-json\/wp\/v2\/categories?post=52476"},{"taxonomy":"post_tag","embeddable":true,"href":"https:\/\/www.radiopresidenteibanez.cl\/web\/wp-json\/wp\/v2\/tags?post=52476"}],"curies":[{"name":"wp","href":"https:\/\/api.w.org\/{rel}","templated":true}]}}